{"id":13775,"date":"2025-04-20T17:34:35","date_gmt":"2025-04-20T15:34:35","guid":{"rendered":"https:\/\/gaq.be\/?p=13775"},"modified":"2025-04-20T17:39:25","modified_gmt":"2025-04-20T15:39:25","slug":"public-enquiry-from-april-17-to-may-1-2025","status":"publish","type":"post","link":"https:\/\/gaq.be\/en\/public-enquiry-from-april-17-to-may-1-2025\/","title":{"rendered":"Public enquiry from April 17 to May 1, 2025"},"content":{"rendered":"\n<div class=\"wp-block-group has-global-padding is-layout-constrained wp-block-group-is-layout-constrained\" style=\"padding-bottom:var(--wp--preset--spacing--40)\"><div class=\"wp-block-gaq-post-header\">\n    \n        <div class=\"post-header__content\">\n        <p class=\"post-header__date\"><span>Published on<\/span> : 20 Apr 2025        <\/p>\n                        <p class=\"post-header__categories\">\n                                        <span class=\"post__category post__category-icon sector__-blue\">\n                            Urban planning                        <\/span>\n                                            <span class=\"post__category post__category-icon sector__-blue\">\n                            Urbanisme                        <\/span>\n                                    <\/p>\n                <\/div>\n<\/div><\/div>\n\n\n\n<p class=\"has-text-align-center has-vivid-red-color has-text-color has-link-color has-large-font-size wp-elements-0353e0dcf4e63b7aeb4052e97f39cde8\"><strong>Down with the red notices<\/strong><\/p>\n\n\n\n<p class=\"has-text-align-center has-gaq-green-background-color has-background\"><em>We regularly present for your analysis public inquiry notices regarding projects in the neighbourhood. These urban planning permit applications have a direct impact not only on the properties under review but also on their surroundings.<br>In other words, they concern us all, whether we are immediate neighbours or not.<br>We therefore encourage all residents of the neighbourhood to respond by sending their thoughts to <a href=\"mailto:ca@gaq.be\" target=\"_blank\" rel=\"noreferrer noopener\">ca@gaq.be<\/a><\/em><em> with the subject line &#8220;public inquiry&#8221;. And of course, we urge you to make your voice heard individually during public inquiries.<br>Thank you all!<\/em><\/p>\n\n\n\n<p>Rue V\u00e9ron\u00e8se 48<\/p>\n\n\n\n<p><a href=\"https:\/\/www.bruxelles.be\/sites\/default\/files\/public-inquiry\/Rue%20V%C3%A9ron%C3%A8se%2048%20%28PU-V122025%29.pdf\"><strong>R\u00e9gion de Bruxelles Capitale, Ville de Bruxelles<\/strong><\/a><\/p>\n\n\n\n<p><em>modifier le permis V275\/2020 : apporter des modifications structurelles int\u00e9rieures \u00e0 un \u00e9tablissement h\u00f4telier, augmenter le nombre de chambres et installer des pompes \u00e0 chaleur (PAC) ainsi que des parois acoustiques en toiture.<\/em><\/p>\n\n\n\n<p><br><\/p>\n\n\n\n<figure class=\"wp-block-image size-large\"><img loading=\"lazy\" decoding=\"async\" width=\"1022\" height=\"1024\" src=\"https:\/\/gaq.be\/wp-content\/uploads\/2025\/04\/rue-Veronese-1022x1024.jpg\" alt=\"\" class=\"wp-image-13765\" srcset=\"https:\/\/gaq.be\/wp-content\/uploads\/2025\/04\/rue-Veronese-1022x1024.jpg 1022w, https:\/\/gaq.be\/wp-content\/uploads\/2025\/04\/rue-Veronese-300x300.jpg 300w, https:\/\/gaq.be\/wp-content\/uploads\/2025\/04\/rue-Veronese-150x150.jpg 150w, https:\/\/gaq.be\/wp-content\/uploads\/2025\/04\/rue-Veronese-768x769.jpg 768w, https:\/\/gaq.be\/wp-content\/uploads\/2025\/04\/rue-Veronese-600x601.jpg 600w, https:\/\/gaq.be\/wp-content\/uploads\/2025\/04\/rue-Veronese-100x100.jpg 100w, https:\/\/gaq.be\/wp-content\/uploads\/2025\/04\/rue-Veronese.jpg 1298w\" sizes=\"auto, (max-width: 1022px) 100vw, 1022px\" \/><\/figure>\n\n\n\n<p><\/p>\n","protected":false},"excerpt":{"rendered":"<p>Down with the red notices We regularly present for your analysis public inquiry notices regarding projects in the neighbourhood. These urban planning permit applications have a direct impact not only [&hellip;]<\/p>\n","protected":false},"author":76,"featured_media":13767,"comment_status":"closed","ping_status":"closed","sticky":false,"template":"","format":"standard","meta":{"_EventAllDay":false,"_EventTimezone":"","_EventStartDate":"","_EventEndDate":"","_EventStartDateUTC":"","_EventEndDateUTC":"","_EventShowMap":false,"_EventShowMapLink":false,"_EventURL":"","_EventCost":"","_EventCostDescription":"","_EventCurrencySymbol":"","_EventCurrencyCode":"","_EventCurrencyPosition":"","_EventDateTimeSeparator":"","_EventTimeRangeSeparator":"","_EventOrganizerID":[],"_EventVenueID":[],"_OrganizerEmail":"","_OrganizerPhone":"","_OrganizerWebsite":"","_VenueAddress":"","_VenueCity":"","_VenueCountry":"","_VenueProvince":"","_VenueState":"","_VenueZip":"","_VenuePhone":"","_VenueURL":"","_VenueStateProvince":"","_VenueLat":"","_VenueLng":"","_VenueShowMap":false,"_VenueShowMapLink":false,"footnotes":""},"categories":[228,165],"tags":[],"class_list":["post-13775","post","type-post","status-publish","format-standard","has-post-thumbnail","hentry","category-urban-planning","category-urbanisme-en"],"_links":{"self":[{"href":"https:\/\/gaq.be\/en\/wp-json\/wp\/v2\/posts\/13775","targetHints":{"allow":["GET"]}}],"collection":[{"href":"https:\/\/gaq.be\/en\/wp-json\/wp\/v2\/posts"}],"about":[{"href":"https:\/\/gaq.be\/en\/wp-json\/wp\/v2\/types\/post"}],"author":[{"embeddable":true,"href":"https:\/\/gaq.be\/en\/wp-json\/wp\/v2\/users\/76"}],"replies":[{"embeddable":true,"href":"https:\/\/gaq.be\/en\/wp-json\/wp\/v2\/comments?post=13775"}],"version-history":[{"count":2,"href":"https:\/\/gaq.be\/en\/wp-json\/wp\/v2\/posts\/13775\/revisions"}],"predecessor-version":[{"id":13778,"href":"https:\/\/gaq.be\/en\/wp-json\/wp\/v2\/posts\/13775\/revisions\/13778"}],"wp:featuredmedia":[{"embeddable":true,"href":"https:\/\/gaq.be\/en\/wp-json\/wp\/v2\/media\/13767"}],"wp:attachment":[{"href":"https:\/\/gaq.be\/en\/wp-json\/wp\/v2\/media?parent=13775"}],"wp:term":[{"taxonomy":"category","embeddable":true,"href":"https:\/\/gaq.be\/en\/wp-json\/wp\/v2\/categories?post=13775"},{"taxonomy":"post_tag","embeddable":true,"href":"https:\/\/gaq.be\/en\/wp-json\/wp\/v2\/tags?post=13775"}],"curies":[{"name":"wp","href":"https:\/\/api.w.org\/{rel}","templated":true}]}}