{"id":13956,"date":"2025-05-23T11:30:33","date_gmt":"2025-05-23T09:30:33","guid":{"rendered":"https:\/\/gaq.be\/?p=13956"},"modified":"2025-05-23T11:32:34","modified_gmt":"2025-05-23T09:32:34","slug":"public-enquiry-from-may-26-to-june-9-2025","status":"publish","type":"post","link":"https:\/\/gaq.be\/en\/public-enquiry-from-may-26-to-june-9-2025\/","title":{"rendered":"Public enquiry from May 26 to June 9 2025"},"content":{"rendered":"\n<div class=\"wp-block-group has-global-padding is-layout-constrained wp-block-group-is-layout-constrained\" style=\"padding-bottom:var(--wp--preset--spacing--40)\"><div class=\"wp-block-gaq-post-header\">\n    \n        <div class=\"post-header__content\">\n        <p class=\"post-header__date\"><span>Published on<\/span> : 23 May 2025        <\/p>\n                        <p class=\"post-header__categories\">\n                                        <span class=\"post__category post__category-icon sector__-blue\">\n                            Urban planning                        <\/span>\n                                            <span class=\"post__category post__category-icon sector__urban-blue\">\n                            Urbanisme                        <\/span>\n                                    <\/p>\n                <\/div>\n<\/div><\/div>\n\n\n\n<div class=\"wp-block-group has-global-padding is-layout-constrained wp-block-group-is-layout-constrained\" style=\"padding-bottom:var(--wp--preset--spacing--40)\">\n<p class=\"has-text-align-center has-vivid-red-color has-text-color has-link-color has-large-font-size wp-elements-0353e0dcf4e63b7aeb4052e97f39cde8\"><strong>Down with the red notices<\/strong><\/p>\n\n\n\n<p class=\"has-text-align-center has-gaq-green-background-color has-background\"><em>We regularly present for your analysis public inquiry notices regarding projects in the neighbourhood. These urban planning permit applications have a direct impact not only on the properties under review but also on their surroundings.<br>In other words, they concern us all, whether we are immediate neighbours or not.<br>We therefore encourage all residents of the neighbourhood to respond by sending their thoughts to <a href=\"mailto:ca@gaq.be\" target=\"_blank\" rel=\"noreferrer noopener\">ca@gaq.be<\/a> with the subject line \u201cpublic inquiry\u201d. And of course, we urge you to make your voice heard individually during public inquiries.<br>Thank you all!<\/em><\/p>\n\n\n\n<p class=\"has-large-font-size\">from <strong>26 May to 9 June:<\/strong><\/p>\n\n\n\n<p>Rue Belliardstraat<\/p>\n\n\n\n<p><a href=\"https:\/\/www.bruxelles.be\/sites\/default\/files\/public-inquiry\/Rue%20Belliard%2086%20%28PE-B4082025%29.pdf\" target=\"_blank\" rel=\"noreferrer noopener\"><strong>R\u00e9gion de Bruxelles-Capitale  VILLE DE BRUXELLES<\/strong><\/a><\/p>\n\n\n\n<p><em>Nature de l\u2019activit\u00e9 principale : l\u2019exploitation des installations suivantes :<br>&#8211; batteries stationnaires (69750 VAh)<br>&#8211; un parking couvert (17 emplacements)<br>&#8211; deux installations de r\u00e9frig\u00e9ration (2 x 51 kW; 2 x 17,50 kg; 2 x 11,8 t\u00e9qCO2)<br>&#8211; un bassin d&#8217;orage (13 m\u00b3)<\/em><\/p>\n\n\n\n<p>Rue Belliard 86 sur Google&nbsp;Maps<br><a href=\"https:\/\/maps.app.goo.gl\/yNSGJyQAipRoeNNm9\" target=\"_blank\" rel=\"noreferrer noopener\">https:\/\/maps.app.goo.gl\/yNSGJyQAipRoeNNm9<\/a><\/p>\n\n\n\n<p><\/p>\n<\/div>\n","protected":false},"excerpt":{"rendered":"<p>Rue Belliard 86<\/p>\n","protected":false},"author":76,"featured_media":13951,"comment_status":"closed","ping_status":"closed","sticky":false,"template":"","format":"standard","meta":{"_EventAllDay":false,"_EventTimezone":"","_EventStartDate":"","_EventEndDate":"","_EventStartDateUTC":"","_EventEndDateUTC":"","_EventShowMap":false,"_EventShowMapLink":false,"_EventURL":"","_EventCost":"","_EventCostDescription":"","_EventCurrencySymbol":"","_EventCurrencyCode":"","_EventCurrencyPosition":"","_EventDateTimeSeparator":"","_EventTimeRangeSeparator":"","_EventOrganizerID":[],"_EventVenueID":[],"_OrganizerEmail":"","_OrganizerPhone":"","_OrganizerWebsite":"","_VenueAddress":"","_VenueCity":"","_VenueCountry":"","_VenueProvince":"","_VenueState":"","_VenueZip":"","_VenuePhone":"","_VenueURL":"","_VenueStateProvince":"","_VenueLat":"","_VenueLng":"","_VenueShowMap":false,"_VenueShowMapLink":false,"footnotes":""},"categories":[228,144],"tags":[],"class_list":["post-13956","post","type-post","status-publish","format-standard","has-post-thumbnail","hentry","category-urban-planning","category-urbanisme"],"_links":{"self":[{"href":"https:\/\/gaq.be\/en\/wp-json\/wp\/v2\/posts\/13956","targetHints":{"allow":["GET"]}}],"collection":[{"href":"https:\/\/gaq.be\/en\/wp-json\/wp\/v2\/posts"}],"about":[{"href":"https:\/\/gaq.be\/en\/wp-json\/wp\/v2\/types\/post"}],"author":[{"embeddable":true,"href":"https:\/\/gaq.be\/en\/wp-json\/wp\/v2\/users\/76"}],"replies":[{"embeddable":true,"href":"https:\/\/gaq.be\/en\/wp-json\/wp\/v2\/comments?post=13956"}],"version-history":[{"count":2,"href":"https:\/\/gaq.be\/en\/wp-json\/wp\/v2\/posts\/13956\/revisions"}],"predecessor-version":[{"id":13958,"href":"https:\/\/gaq.be\/en\/wp-json\/wp\/v2\/posts\/13956\/revisions\/13958"}],"wp:featuredmedia":[{"embeddable":true,"href":"https:\/\/gaq.be\/en\/wp-json\/wp\/v2\/media\/13951"}],"wp:attachment":[{"href":"https:\/\/gaq.be\/en\/wp-json\/wp\/v2\/media?parent=13956"}],"wp:term":[{"taxonomy":"category","embeddable":true,"href":"https:\/\/gaq.be\/en\/wp-json\/wp\/v2\/categories?post=13956"},{"taxonomy":"post_tag","embeddable":true,"href":"https:\/\/gaq.be\/en\/wp-json\/wp\/v2\/tags?post=13956"}],"curies":[{"name":"wp","href":"https:\/\/api.w.org\/{rel}","templated":true}]}}