{"id":14262,"date":"2025-08-22T17:31:53","date_gmt":"2025-08-22T15:31:53","guid":{"rendered":"https:\/\/gaq.be\/?p=14262"},"modified":"2025-09-04T16:51:02","modified_gmt":"2025-09-04T14:51:02","slug":"public-enquiries-from-august-21-to-september-18-2025","status":"publish","type":"post","link":"https:\/\/gaq.be\/en\/public-enquiries-from-august-21-to-september-18-2025\/","title":{"rendered":"Public inquiries from August 21 to September 18 2025"},"content":{"rendered":"\n<div class=\"wp-block-group has-global-padding is-layout-constrained wp-block-group-is-layout-constrained\" style=\"padding-bottom:var(--wp--preset--spacing--40)\"><div class=\"wp-block-gaq-post-header\">\n    \n        <div class=\"post-header__content\">\n        <p class=\"post-header__date\"><span>Published on<\/span> : 22 Aug 2025        <\/p>\n                        <p class=\"post-header__categories\">\n                                        <span class=\"post__category post__category-icon sector__-blue\">\n                            Urban planning                        <\/span>\n                                            <span class=\"post__category post__category-icon sector__urban-blue\">\n                            Urbanisme                        <\/span>\n                                    <\/p>\n                <\/div>\n<\/div><\/div>\n\n\n\n<p class=\"has-text-align-center has-vivid-red-color has-text-color has-link-color has-large-font-size wp-elements-0353e0dcf4e63b7aeb4052e97f39cde8\"><strong>Down with the red notices<\/strong><\/p>\n\n\n\n<p class=\"has-text-align-center has-gaq-green-background-color has-background\"><em><em>We regularly present for your analysis public inquiry notices regarding projects in the neighbourhood. These urban planning permit applications have a direct impact not only on the properties under review but also on their surroundings.<br>In other words, they concern us all, whether we are immediate neighbours or not.<br>We therefore encourage all residents of the neighbourhood to respond by sending their thoughts to <a href=\"mailto:ca@gaq.be\" target=\"_blank\" rel=\"noreferrer noopener\">ca@gaq.be<\/a> with the subject line \u201cpublic inquiry\u201d. And of course, we urge you to make your voice heard individually during public inquiries.<br>Thank you all!<\/em><\/em><\/p>\n\n\n\n<p class=\"has-large-font-size\"><strong>from August 21 to September 4<\/strong><\/p>\n\n\n\n<div class=\"wp-block-group alignfull has-gaq-light-green-background-color has-background has-global-padding is-layout-constrained wp-container-core-group-is-layout-f90d3be4 wp-block-group-is-layout-constrained\" style=\"padding-top:var(--wp--preset--spacing--40);padding-right:var(--wp--preset--spacing--30);padding-bottom:var(--wp--preset--spacing--40);padding-left:var(--wp--preset--spacing--30)\">\n<div class=\"wp-block-group has-gaq-blue-color has-text-color has-global-padding is-layout-constrained wp-container-core-group-is-layout-8e1e079d wp-block-group-is-layout-constrained\" style=\"padding-top:var(--wp--preset--spacing--30);padding-right:0;padding-bottom:0;padding-left:0\">\n<div class=\"wp-block-columns alignwide is-layout-flex wp-container-core-columns-is-layout-1d9f35bd wp-block-columns-is-layout-flex\">\n<div class=\"wp-block-column is-layout-flow wp-block-column-is-layout-flow\">\n<h3 class=\"wp-block-heading\">rue Joseph II  9 -13<\/h3>\n\n\n\n<p><a href=\"https:\/\/www.bruxelles.be\/sites\/default\/files\/public-inquiry\/Rue%20Joseph%20II%209-13%20%28PU-J2672025%29.pdf\" target=\"_blank\" rel=\"noreferrer noopener\">R\u00e9gion de Bruxelles-Capitale VILLE DE BRUXELLES<\/a><\/p>\n\n\n\n<p>modifier le permis J420\/2023: placer des pompes \u00e0 chaleur individuelles en toiture et<br>un \u00e9cran acoustique, r\u00e9aliser des modifications en fa\u00e7ade, modifier le hall d\u2019entr\u00e9e de l\u2019immeuble<\/p>\n<\/div>\n\n\n\n<div class=\"wp-block-column is-layout-flow wp-block-column-is-layout-flow\">\n<div class=\"wp-block-group is-style-group-green-shadow-up has-global-padding is-layout-constrained wp-block-group-is-layout-constrained\">\n<figure class=\"wp-block-image size-large\"><img loading=\"lazy\" decoding=\"async\" width=\"1024\" height=\"671\" src=\"https:\/\/gaq.be\/wp-content\/uploads\/2025\/08\/Capture-decran-2025-08-22-164010-1024x671.png\" alt=\"\" class=\"wp-image-14243\" srcset=\"https:\/\/gaq.be\/wp-content\/uploads\/2025\/08\/Capture-decran-2025-08-22-164010-1024x671.png 1024w, https:\/\/gaq.be\/wp-content\/uploads\/2025\/08\/Capture-decran-2025-08-22-164010-300x197.png 300w, https:\/\/gaq.be\/wp-content\/uploads\/2025\/08\/Capture-decran-2025-08-22-164010-768x503.png 768w, https:\/\/gaq.be\/wp-content\/uploads\/2025\/08\/Capture-decran-2025-08-22-164010-600x393.png 600w, https:\/\/gaq.be\/wp-content\/uploads\/2025\/08\/Capture-decran-2025-08-22-164010.png 1087w\" sizes=\"auto, (max-width: 1024px) 100vw, 1024px\" \/><\/figure>\n<\/div>\n<\/div>\n<\/div>\n<\/div>\n<\/div>\n\n\n\n<div class=\"wp-block-group alignfull has-gaq-light-green-background-color has-background has-global-padding is-layout-constrained wp-container-core-group-is-layout-f90d3be4 wp-block-group-is-layout-constrained\" style=\"padding-top:var(--wp--preset--spacing--40);padding-right:var(--wp--preset--spacing--30);padding-bottom:var(--wp--preset--spacing--40);padding-left:var(--wp--preset--spacing--30)\">\n<div class=\"wp-block-group has-gaq-blue-color has-text-color has-global-padding is-layout-constrained wp-container-core-group-is-layout-8e1e079d wp-block-group-is-layout-constrained\" style=\"padding-top:var(--wp--preset--spacing--30);padding-right:0;padding-bottom:0;padding-left:0\">\n<div class=\"wp-block-columns alignwide is-layout-flex wp-container-core-columns-is-layout-1d9f35bd wp-block-columns-is-layout-flex\">\n<div class=\"wp-block-column is-layout-flow wp-block-column-is-layout-flow\">\n<h3 class=\"wp-block-heading\">Rue St\u00e9vin 204<\/h3>\n\n\n\n<p>&nbsp;<a href=\"https:\/\/www.bruxelles.be\/sites\/default\/files\/public-inquiry\/Rue%20Stevin%20204%20%28PU-S242025%29.pdf\" target=\"_blank\" rel=\"noreferrer noopener\">R\u00e9gion de Bruxelles-Capitale VILLE DE BRUXELLES<\/a><\/p>\n\n\n\n<p>r\u00e9nover un immeuble de logements (d\u00e9molir et construire des annexes, modifier des<br>baies, d\u00e9molir et reconstruire la toiture, isoler) et modifier le nombre de logement<\/p>\n<\/div>\n\n\n\n<div class=\"wp-block-column is-layout-flow wp-block-column-is-layout-flow\">\n<div class=\"wp-block-group is-style-group-green-shadow-up has-global-padding is-layout-constrained wp-block-group-is-layout-constrained\">\n<figure class=\"wp-block-image size-full\"><img loading=\"lazy\" decoding=\"async\" width=\"1009\" height=\"757\" src=\"https:\/\/gaq.be\/wp-content\/uploads\/2025\/08\/Capture-decran-2025-08-22-164752.png\" alt=\"\" class=\"wp-image-14246\" srcset=\"https:\/\/gaq.be\/wp-content\/uploads\/2025\/08\/Capture-decran-2025-08-22-164752.png 1009w, https:\/\/gaq.be\/wp-content\/uploads\/2025\/08\/Capture-decran-2025-08-22-164752-300x225.png 300w, https:\/\/gaq.be\/wp-content\/uploads\/2025\/08\/Capture-decran-2025-08-22-164752-768x576.png 768w, https:\/\/gaq.be\/wp-content\/uploads\/2025\/08\/Capture-decran-2025-08-22-164752-600x450.png 600w\" sizes=\"auto, (max-width: 1009px) 100vw, 1009px\" \/><\/figure>\n<\/div>\n<\/div>\n<\/div>\n<\/div>\n<\/div>\n\n\n\n<p class=\"has-large-font-size\">du 20 ao\u00fbt au 18 septembre<\/p>\n\n\n\n<div class=\"wp-block-group alignfull has-gaq-light-green-background-color has-background has-global-padding is-layout-constrained wp-container-core-group-is-layout-f90d3be4 wp-block-group-is-layout-constrained\" style=\"padding-top:var(--wp--preset--spacing--40);padding-right:var(--wp--preset--spacing--30);padding-bottom:var(--wp--preset--spacing--40);padding-left:var(--wp--preset--spacing--30)\">\n<div class=\"wp-block-group has-gaq-blue-color has-text-color has-global-padding is-layout-constrained wp-container-core-group-is-layout-8e1e079d wp-block-group-is-layout-constrained\" style=\"padding-top:var(--wp--preset--spacing--30);padding-right:0;padding-bottom:0;padding-left:0\">\n<div class=\"wp-block-columns alignwide is-layout-flex wp-container-core-columns-is-layout-1d9f35bd wp-block-columns-is-layout-flex\">\n<div class=\"wp-block-column is-layout-flow wp-block-column-is-layout-flow\">\n<div class=\"wp-block-group alignfull has-gaq-light-green-background-color has-background has-global-padding is-layout-constrained wp-container-core-group-is-layout-f90d3be4 wp-block-group-is-layout-constrained\" style=\"padding-top:var(--wp--preset--spacing--40);padding-right:var(--wp--preset--spacing--30);padding-bottom:var(--wp--preset--spacing--40);padding-left:var(--wp--preset--spacing--30)\">\n<div class=\"wp-block-group has-gaq-blue-color has-text-color has-global-padding is-layout-constrained wp-container-core-group-is-layout-8e1e079d wp-block-group-is-layout-constrained\" style=\"padding-top:var(--wp--preset--spacing--30);padding-right:0;padding-bottom:0;padding-left:0\">\n<div class=\"wp-block-columns alignwide is-layout-flex wp-container-core-columns-is-layout-1d9f35bd wp-block-columns-is-layout-flex\">\n<div class=\"wp-block-column is-layout-flow wp-block-column-is-layout-flow\">\n<h3 class=\"wp-block-heading\">Avenue des Arts 39 &#8211; 41<\/h3>\n\n\n\n<p id=\"block-b2e65180-7039-4f48-aab8-5222d94a9ce0\"><a href=\"https:\/\/www.bruxelles.be\/sites\/default\/files\/public-inquiry\/Avenue%20des%20Arts%2039%20-%2041%20%28PU-A6562025%29.pdf\" target=\"_blank\" rel=\"noreferrer noopener\">R\u00e9gion de Bruxelles-Capitale VILLE DE BRUXELLES<\/a><\/p>\n\n\n\n<p id=\"block-16c1dd9f-5969-4b47-974f-ceb8fdf54f7d\">R\u00e9novation lourde d\u2019immeubles de bureaux avec d\u00e9molition \/ reconstruction partielle, ajout de logements au dernier \u00e9tage et maintien d\u2019une affectation commerciale au rez, r\u00e9am\u00e9nagement complet de la zone en int\u00e9rieur d\u2019\u00eelot et des sous-sols (dont une partie du parking public Guimard), comprenant la cr\u00e9ation d&#8217;un patio en pleine terre et la surpression du parking au n\u00b0 41.<\/p>\n<\/div>\n\n\n\n<div class=\"wp-block-column is-layout-flow wp-block-column-is-layout-flow\">\n<div class=\"wp-block-group is-style-group-green-shadow-up has-global-padding is-layout-constrained wp-block-group-is-layout-constrained\">\n<figure class=\"wp-block-image size-large\"><img loading=\"lazy\" decoding=\"async\" width=\"1024\" height=\"694\" src=\"https:\/\/gaq.be\/wp-content\/uploads\/2025\/08\/avenue-des-arts-39-41-1-1024x694.jpg\" alt=\"\" class=\"wp-image-14252\" srcset=\"https:\/\/gaq.be\/wp-content\/uploads\/2025\/08\/avenue-des-arts-39-41-1-1024x694.jpg 1024w, https:\/\/gaq.be\/wp-content\/uploads\/2025\/08\/avenue-des-arts-39-41-1-300x203.jpg 300w, https:\/\/gaq.be\/wp-content\/uploads\/2025\/08\/avenue-des-arts-39-41-1-768x521.jpg 768w, https:\/\/gaq.be\/wp-content\/uploads\/2025\/08\/avenue-des-arts-39-41-1-1536x1041.jpg 1536w, https:\/\/gaq.be\/wp-content\/uploads\/2025\/08\/avenue-des-arts-39-41-1-600x407.jpg 600w, https:\/\/gaq.be\/wp-content\/uploads\/2025\/08\/avenue-des-arts-39-41-1.jpg 1620w\" sizes=\"auto, (max-width: 1024px) 100vw, 1024px\" \/><\/figure>\n<\/div>\n<\/div>\n<\/div>\n<\/div>\n<\/div>\n<\/div>\n<\/div>\n<\/div>\n<\/div>\n\n\n\n<div class=\"wp-block-group alignfull has-gaq-light-green-background-color has-background has-global-padding is-layout-constrained wp-container-core-group-is-layout-f90d3be4 wp-block-group-is-layout-constrained\" style=\"padding-top:var(--wp--preset--spacing--40);padding-right:var(--wp--preset--spacing--30);padding-bottom:var(--wp--preset--spacing--40);padding-left:var(--wp--preset--spacing--30)\">\n<div class=\"wp-block-group has-gaq-blue-color has-text-color has-global-padding is-layout-constrained wp-container-core-group-is-layout-8e1e079d wp-block-group-is-layout-constrained\" style=\"padding-top:var(--wp--preset--spacing--30);padding-right:0;padding-bottom:0;padding-left:0\">\n<div class=\"wp-block-columns alignwide is-layout-flex wp-container-core-columns-is-layout-1d9f35bd wp-block-columns-is-layout-flex\">\n<div class=\"wp-block-column is-layout-flow wp-block-column-is-layout-flow\">\n<h3 class=\"wp-block-heading\">Avenue Palmerston 6 &#8211; 14 Eburons 77 &#8211; 79<\/h3>\n\n\n\n<p><a href=\"https:\/\/www.bruxelles.be\/sites\/default\/files\/public-inquiry\/Avenue%20Palmerston%206-14%20-%20Rue%20des%20Eburons%2077-79%20%28PU-P6582025%29.pdf\" target=\"_blank\" rel=\"noreferrer noopener\">R\u00e9gion de Bruxelles-Capitale VILLE DE BRUXELLES_<\/a><\/p>\n\n\n\n<p>Transformer et modifier la destination des deux immeubles de bureaux situ\u00e9s rue Palmerston en logements (25 appartements) ; r\u00e9duire la hauteur du mur mitoyen avec le bien class\u00e9 et inscrit au patrimoine mondial Unesco &#8220;H\u00f4tel<br>Van Eetvelde&#8221; ; d\u00e9molir les constructions en int\u00e9rieur d&#8217;\u00eelot et abattre un arbre ; d\u00e9molir les garages situ\u00e9s sur la rue des Eburons et<br>y construire un immeuble de logements (12 appartements) avec un parking en sous-sol de 10 emplacements<\/p>\n<\/div>\n\n\n\n<div class=\"wp-block-column is-layout-flow wp-block-column-is-layout-flow\">\n<div class=\"wp-block-group is-style-group-green-shadow-up has-global-padding is-layout-constrained wp-block-group-is-layout-constrained\">\n<figure class=\"wp-block-image size-full\"><img loading=\"lazy\" decoding=\"async\" width=\"500\" height=\"585\" src=\"https:\/\/gaq.be\/wp-content\/uploads\/2025\/08\/Palmerston_n\u00b06-14.jpg\" alt=\"\" class=\"wp-image-14255\" srcset=\"https:\/\/gaq.be\/wp-content\/uploads\/2025\/08\/Palmerston_n\u00b06-14.jpg 500w, https:\/\/gaq.be\/wp-content\/uploads\/2025\/08\/Palmerston_n\u00b06-14-256x300.jpg 256w\" sizes=\"auto, (max-width: 500px) 100vw, 500px\" \/><\/figure>\n<\/div>\n<\/div>\n<\/div>\n<\/div>\n<\/div>\n","protected":false},"excerpt":{"rendered":"<p>Important new enquiries<\/p>\n","protected":false},"author":76,"featured_media":14257,"comment_status":"closed","ping_status":"closed","sticky":false,"template":"","format":"standard","meta":{"_EventAllDay":false,"_EventTimezone":"","_EventStartDate":"","_EventEndDate":"","_EventStartDateUTC":"","_EventEndDateUTC":"","_EventShowMap":false,"_EventShowMapLink":false,"_EventURL":"","_EventCost":"","_EventCostDescription":"","_EventCurrencySymbol":"","_EventCurrencyCode":"","_EventCurrencyPosition":"","_EventDateTimeSeparator":"","_EventTimeRangeSeparator":"","_EventOrganizerID":[],"_EventVenueID":[],"_OrganizerEmail":"","_OrganizerPhone":"","_OrganizerWebsite":"","_VenueAddress":"","_VenueCity":"","_VenueCountry":"","_VenueProvince":"","_VenueState":"","_VenueZip":"","_VenuePhone":"","_VenueURL":"","_VenueStateProvince":"","_VenueLat":"","_VenueLng":"","_VenueShowMap":false,"_VenueShowMapLink":false,"footnotes":""},"categories":[228,144],"tags":[],"class_list":["post-14262","post","type-post","status-publish","format-standard","has-post-thumbnail","hentry","category-urban-planning","category-urbanisme"],"_links":{"self":[{"href":"https:\/\/gaq.be\/en\/wp-json\/wp\/v2\/posts\/14262","targetHints":{"allow":["GET"]}}],"collection":[{"href":"https:\/\/gaq.be\/en\/wp-json\/wp\/v2\/posts"}],"about":[{"href":"https:\/\/gaq.be\/en\/wp-json\/wp\/v2\/types\/post"}],"author":[{"embeddable":true,"href":"https:\/\/gaq.be\/en\/wp-json\/wp\/v2\/users\/76"}],"replies":[{"embeddable":true,"href":"https:\/\/gaq.be\/en\/wp-json\/wp\/v2\/comments?post=14262"}],"version-history":[{"count":4,"href":"https:\/\/gaq.be\/en\/wp-json\/wp\/v2\/posts\/14262\/revisions"}],"predecessor-version":[{"id":14292,"href":"https:\/\/gaq.be\/en\/wp-json\/wp\/v2\/posts\/14262\/revisions\/14292"}],"wp:featuredmedia":[{"embeddable":true,"href":"https:\/\/gaq.be\/en\/wp-json\/wp\/v2\/media\/14257"}],"wp:attachment":[{"href":"https:\/\/gaq.be\/en\/wp-json\/wp\/v2\/media?parent=14262"}],"wp:term":[{"taxonomy":"category","embeddable":true,"href":"https:\/\/gaq.be\/en\/wp-json\/wp\/v2\/categories?post=14262"},{"taxonomy":"post_tag","embeddable":true,"href":"https:\/\/gaq.be\/en\/wp-json\/wp\/v2\/tags?post=14262"}],"curies":[{"name":"wp","href":"https:\/\/api.w.org\/{rel}","templated":true}]}}