{"id":14838,"date":"2025-10-21T10:13:02","date_gmt":"2025-10-21T08:13:02","guid":{"rendered":"https:\/\/gaq.be\/sus-aux-affiches-rouges\/"},"modified":"2025-10-21T11:11:39","modified_gmt":"2025-10-21T09:11:39","slug":"sus-aux-affiches-rouges","status":"publish","type":"post","link":"https:\/\/gaq.be\/en\/sus-aux-affiches-rouges\/","title":{"rendered":"Public inquiries from october 9 to november 7, 2025"},"content":{"rendered":"\n<p><\/p>\n\n\n\n<div class=\"wp-block-group has-global-padding is-layout-constrained wp-block-group-is-layout-constrained\" style=\"padding-bottom:var(--wp--preset--spacing--40)\"><div class=\"wp-block-gaq-post-header\">\n    \n        <div class=\"post-header__content\">\n        <p class=\"post-header__date\"><span>Published on<\/span> : 21 Oct 2025        <\/p>\n                        <p class=\"post-header__categories\">\n                                        <span class=\"post__category post__category-icon sector__-blue\">\n                            Urban planning                        <\/span>\n                                            <span class=\"post__category post__category-icon sector__urban-blue\">\n                            Urbanisme                        <\/span>\n                                            <span class=\"post__category post__category-icon sector__-blue\">\n                            Urbanisme                        <\/span>\n                                    <\/p>\n                <\/div>\n<\/div><\/div>\n\n\n\n<div class=\"wp-block-group has-global-padding is-layout-constrained wp-block-group-is-layout-constrained\" style=\"padding-bottom:var(--wp--preset--spacing--40)\">\n<p class=\"has-text-align-center has-vivid-red-color has-text-color has-link-color has-large-font-size wp-elements-0353e0dcf4e63b7aeb4052e97f39cde8\"><strong>Down with the red notices<\/strong><\/p>\n\n\n\n<p class=\"has-text-align-center has-gaq-light-green-background-color has-background\"><em>We regularly present for your analysis public inquiry notices regarding projects in the neighbourhood. These urban planning permit applications have a direct impact not only on the properties under review but also on their surroundings.<br>In other words, they concern us all, whether we are immediate neighbours or not.<br>We therefore encourage all residents of the neighbourhood to respond by sending their thoughts to <a href=\"mailto:ca@gaq.be\" target=\"_blank\" rel=\"noreferrer noopener\">ca@gaq.be<\/a> with the subject line \u201cpublic inquiry\u201d. And of course, we urge you to make your voice heard individually during public inquiries.<br>Thank you all!<\/em>.<\/p>\n<\/div>\n\n\n\n<p class=\"has-large-font-size\">From 9 to 23 october<\/p>\n\n\n\n<div class=\"wp-block-group alignwide has-global-padding is-layout-constrained wp-block-group-is-layout-constrained\" style=\"padding-top:var(--wp--preset--spacing--40);padding-bottom:var(--wp--preset--spacing--40)\">\n<div class=\"wp-block-columns alignwide is-layout-flex wp-container-core-columns-is-layout-1d9f35bd wp-block-columns-is-layout-flex\">\n<div class=\"wp-block-column is-layout-flow wp-block-column-is-layout-flow\">\n<div class=\"wp-block-group is-style-group-green-shadow-up has-global-padding is-layout-constrained wp-block-group-is-layout-constrained\">\n<figure class=\"wp-block-image size-full is-resized\"><img loading=\"lazy\" decoding=\"async\" width=\"333\" height=\"500\" src=\"https:\/\/gaq.be\/wp-content\/uploads\/2025\/10\/J-W-Wilson-1.jpg\" alt=\"\" class=\"wp-image-14833\" style=\"width:309px;height:auto\" srcset=\"https:\/\/gaq.be\/wp-content\/uploads\/2025\/10\/J-W-Wilson-1.jpg 333w, https:\/\/gaq.be\/wp-content\/uploads\/2025\/10\/J-W-Wilson-1-200x300.jpg 200w\" sizes=\"auto, (max-width: 333px) 100vw, 333px\" \/><\/figure>\n<\/div>\n<\/div>\n\n\n\n<div class=\"wp-block-column is-layout-flow wp-block-column-is-layout-flow\">\n<h3 class=\"wp-block-heading\">Rue John Waterloo Wilson 27<\/h3>\n\n\n\n<p><a href=\"https:\/\/www.bruxelles.be\/sites\/default\/files\/public-inquiry\/Rue%20John%20Waterloo%20Wilson%2027%20%28PU-J4682025%29.pdf\">https:\/\/www.bruxelles.be\/sites\/default\/files\/public-inquiry\/Rue%20John%20Waterloo%20Wilson%2027%20%28PU-J4682025%29.pdf<\/a><\/p>\n\n\n\n<p>R\u00e9nover et transformer une maison unifamiliale, modifier la fa\u00e7ade avant, remplacer les ch\u00e2ssis en bois par des ch\u00e2ssis en PVC (mise en conformit\u00e9), isoler la fa\u00e7ade arri\u00e8re, am\u00e9nager une terrasse, rehausser un mur mitoyen et am\u00e9nager un escalier entre la cave et le rez-de-chauss\u00e9e<\/p>\n<\/div>\n<\/div>\n<\/div>\n\n\n\n<p><\/p>\n\n\n\n<p><\/p>\n\n\n\n<div class=\"wp-block-group alignfull has-gaq-blue-background-color has-background has-global-padding is-layout-constrained wp-block-group-is-layout-constrained\" style=\"margin-top:0;margin-bottom:0;padding-top:var(--wp--preset--spacing--40);padding-bottom:var(--wp--preset--spacing--40)\">\n<div class=\"wp-block-group has-base-color has-gaq-blue-background-color has-text-color has-background has-global-padding is-layout-constrained wp-container-core-group-is-layout-8e1e079d wp-block-group-is-layout-constrained\" style=\"padding-top:var(--wp--preset--spacing--30);padding-right:0;padding-bottom:0;padding-left:0\">\n<div class=\"wp-block-columns alignwide is-layout-flex wp-container-core-columns-is-layout-cbe57604 wp-block-columns-is-layout-flex\">\n<div class=\"wp-block-column is-layout-flow wp-block-column-is-layout-flow\">\n<h3 class=\"wp-block-heading has-base-color has-text-color\">rue Le Titien 44<\/h3>\n\n\n\n<p class=\"has-base-color has-text-color has-link-color wp-elements-07d2002b37dee9a7af8a531e8cd43ed8\"><a href=\"https:\/\/www.bruxelles.be\/sites\/default\/files\/public-inquiry\/Rue%20Le%20Titien%2044%20%28PU-L7302023%29_0.pdf\">https:\/\/www.bruxelles.be\/sites\/default\/files\/public-inquiry\/Rue%20Le%20Titien%2044%20%28PU-L7302023%29_0.pdf<\/a><\/p>\n\n\n\n<p>modifier le nombre de logements dans l&#8217;immeuble, de 3 \u00e0 4 logements : supprimer le<br>cabinet m\u00e9dical au rez au profit d&#8217;un logement 1 chambre, ajouter une annexe en fa\u00e7ade arri\u00e8re au 1er \u00e9tage et<br>cr\u00e9er une lucarne dans le versant arri\u00e8re de la toiture (mise en conformit\u00e9)<\/p>\n<\/div>\n\n\n\n<div class=\"wp-block-column is-layout-flow wp-block-column-is-layout-flow\">\n<div class=\"wp-block-group is-style-group-green-shadow-up has-global-padding is-layout-constrained wp-block-group-is-layout-constrained\">\n<figure class=\"wp-block-image size-full is-resized\"><img loading=\"lazy\" decoding=\"async\" width=\"665\" height=\"1024\" src=\"https:\/\/gaq.be\/wp-content\/uploads\/2025\/10\/le-titien-44.jpg\" alt=\"\" class=\"wp-image-14815\" style=\"width:277px;height:auto\" srcset=\"https:\/\/gaq.be\/wp-content\/uploads\/2025\/10\/le-titien-44.jpg 665w, https:\/\/gaq.be\/wp-content\/uploads\/2025\/10\/le-titien-44-195x300.jpg 195w, https:\/\/gaq.be\/wp-content\/uploads\/2025\/10\/le-titien-44-600x924.jpg 600w\" sizes=\"auto, (max-width: 665px) 100vw, 665px\" \/><\/figure>\n<\/div>\n<\/div>\n<\/div>\n<\/div>\n<\/div>\n\n\n\n<p class=\"has-large-font-size\">Du 9 octobre au 7 novembre<\/p>\n\n\n\n<div class=\"wp-block-group alignwide pattern__wide-section--left has-gaq-light-green-background-color has-background has-global-padding is-layout-constrained wp-container-core-group-is-layout-f611be13 wp-block-group-is-layout-constrained\" style=\"padding-top:var(--wp--preset--spacing--50);padding-right:var(--wp--preset--spacing--50);padding-bottom:var(--wp--preset--spacing--50);padding-left:var(--wp--preset--spacing--50)\">\n<div class=\"wp-block-columns alignwide is-layout-flex wp-container-core-columns-is-layout-1d9f35bd wp-block-columns-is-layout-flex\">\n<div class=\"wp-block-column is-layout-flow wp-block-column-is-layout-flow\">\n<h3 class=\"wp-block-heading\">rue Archim\u00e8de 9-11-13<\/h3>\n\n\n\n<p><a href=\"https:\/\/www.bruxelles.be\/sites\/default\/files\/public-inquiry\/Rue%20Archim%C3%A8de%209-11-13%20%28PU-A8162025%29.pdf\">https:\/\/www.bruxelles.be\/sites\/default\/files\/public-inquiry\/Rue%20Archim%C3%A8de%209-11-13%20%28PU-A8162025%29.pdf<\/a><\/p>\n\n\n\n<p>Modifier la teinte des ch\u00e2ssis en fa\u00e7ade avant et le rev\u00eatement de fa\u00e7ade de l&#8217;annexe arri\u00e8re (isolation et briques \u00e9maill\u00e9es), supprimer un escalier de service int\u00e9rieur vers le sous-sol et modifier les planchers de la maison de maitre et descendre le jardin arri\u00e8re d&#8217;un niveau (r\u00e9gularisation apr\u00e8s travaux).<\/p>\n<\/div>\n\n\n\n<div class=\"wp-block-column is-layout-flow wp-block-column-is-layout-flow\">\n<div class=\"wp-block-group is-style-group-green-shadow-up has-global-padding is-layout-constrained wp-block-group-is-layout-constrained\">\n<figure class=\"wp-block-image size-full\"><img loading=\"lazy\" decoding=\"async\" width=\"660\" height=\"440\" src=\"https:\/\/gaq.be\/wp-content\/uploads\/2025\/10\/association-pharmaceutique-belge.jpg\" alt=\"\" class=\"wp-image-14820\" srcset=\"https:\/\/gaq.be\/wp-content\/uploads\/2025\/10\/association-pharmaceutique-belge.jpg 660w, https:\/\/gaq.be\/wp-content\/uploads\/2025\/10\/association-pharmaceutique-belge-300x200.jpg 300w, https:\/\/gaq.be\/wp-content\/uploads\/2025\/10\/association-pharmaceutique-belge-600x400.jpg 600w\" sizes=\"auto, (max-width: 660px) 100vw, 660px\" \/><\/figure>\n<\/div>\n<\/div>\n<\/div>\n<\/div>\n\n\n\n<p class=\"has-large-font-size\">Du 23 octobre au 6 novembre<\/p>\n\n\n\n<p><\/p>\n\n\n\n<div class=\"wp-block-group alignfull has-gaq-blue-background-color has-background has-global-padding is-layout-constrained wp-block-group-is-layout-constrained\" style=\"margin-top:0;margin-bottom:0;padding-top:var(--wp--preset--spacing--50);padding-bottom:var(--wp--preset--spacing--40)\">\n<div class=\"wp-block-columns alignwide is-layout-flex wp-container-core-columns-is-layout-1d9f35bd wp-block-columns-is-layout-flex\">\n<div class=\"wp-block-column is-layout-flow wp-block-column-is-layout-flow\" style=\"padding-right:var(--wp--preset--spacing--30);padding-left:var(--wp--preset--spacing--30)\">\n<div class=\"wp-block-group is-style-group-green-shadow-up has-global-padding is-layout-constrained wp-block-group-is-layout-constrained\">\n<figure class=\"wp-block-image size-large\"><img loading=\"lazy\" decoding=\"async\" width=\"1024\" height=\"726\" src=\"https:\/\/gaq.be\/wp-content\/uploads\/2025\/10\/rue-charles-martel-1024x726.jpg\" alt=\"\" class=\"wp-image-14823\" srcset=\"https:\/\/gaq.be\/wp-content\/uploads\/2025\/10\/rue-charles-martel-1024x726.jpg 1024w, https:\/\/gaq.be\/wp-content\/uploads\/2025\/10\/rue-charles-martel-300x213.jpg 300w, https:\/\/gaq.be\/wp-content\/uploads\/2025\/10\/rue-charles-martel-768x545.jpg 768w, https:\/\/gaq.be\/wp-content\/uploads\/2025\/10\/rue-charles-martel-1536x1090.jpg 1536w, https:\/\/gaq.be\/wp-content\/uploads\/2025\/10\/rue-charles-martel-600x426.jpg 600w, https:\/\/gaq.be\/wp-content\/uploads\/2025\/10\/rue-charles-martel.jpg 1600w\" sizes=\"auto, (max-width: 1024px) 100vw, 1024px\" \/><\/figure>\n<\/div>\n<\/div>\n\n\n\n<div class=\"wp-block-column has-base-color has-text-color has-global-padding is-layout-constrained wp-container-core-column-is-layout-ff778368 wp-block-column-is-layout-constrained\" style=\"padding-right:var(--wp--preset--spacing--30);padding-left:var(--wp--preset--spacing--30)\">\n<h3 class=\"wp-block-heading has-base-color has-text-color\">rue Charles Martel 33<\/h3>\n\n\n\n<p class=\"has-primary-color has-text-color has-link-color wp-elements-0d4724b48f6030a7f53463cdbc993379\"><a href=\"https:\/\/www.bruxelles.be\/sites\/default\/files\/public-inquiry\/Rue%20Charles%20Martel%2033%20%28PU-C6722025%29.pdf\">https:\/\/www.bruxelles.be\/sites\/default\/files\/public-inquiry\/Rue%20Charles%20Martel%2033%20%28PU-C6722025%29.pdf<\/a><\/p>\n\n\n\n<p>isoler par l&#8217;ext\u00e9rieur la fa\u00e7ade arri\u00e8re du b\u00e2timent avant et le b\u00e2timent arri\u00e8re, d\u00e9molir et reconstruire les balcons du b\u00e2timent avant<\/p>\n<\/div>\n<\/div>\n<\/div>\n\n\n\n<p><\/p>\n\n\n\n<div class=\"wp-block-group alignwide has-global-padding is-layout-constrained wp-block-group-is-layout-constrained\" style=\"padding-top:var(--wp--preset--spacing--40);padding-bottom:var(--wp--preset--spacing--40)\">\n<div class=\"wp-block-columns alignwide is-layout-flex wp-container-core-columns-is-layout-1d9f35bd wp-block-columns-is-layout-flex\">\n<div class=\"wp-block-column is-layout-flow wp-block-column-is-layout-flow\">\n<h3 class=\"wp-block-heading\">rue Franklin 76-80<\/h3>\n\n\n\n<p><a href=\"https:\/\/www.bruxelles.be\/sites\/default\/files\/public-inquiry\/Rue%20Franklin%2076%20-%2080%20%28PU-F6652025%29.pdf\">https:\/\/www.bruxelles.be\/sites\/default\/files\/public-inquiry\/Rue%20Franklin%2076%20-%2080%20%28PU-F6652025%29.pdf<\/a><\/p>\n\n\n\n<p>Ajouter un escalier privatif entre le 3\u00e8me \u00e9tage et les combles pour transformer le logement (c\u00f4t\u00e9 droit) en duplex<\/p>\n<\/div>\n\n\n\n<div class=\"wp-block-column is-layout-flow wp-block-column-is-layout-flow\">\n<div class=\"wp-block-group is-style-group-green-shadow-up has-global-padding is-layout-constrained wp-block-group-is-layout-constrained\">\n<figure class=\"wp-block-image size-large is-resized\"><img loading=\"lazy\" decoding=\"async\" width=\"627\" height=\"1024\" src=\"https:\/\/gaq.be\/wp-content\/uploads\/2025\/10\/rue-franklin-76-80-627x1024.jpg\" alt=\"\" class=\"wp-image-14826\" style=\"width:185px;height:auto\" srcset=\"https:\/\/gaq.be\/wp-content\/uploads\/2025\/10\/rue-franklin-76-80-627x1024.jpg 627w, https:\/\/gaq.be\/wp-content\/uploads\/2025\/10\/rue-franklin-76-80-184x300.jpg 184w, https:\/\/gaq.be\/wp-content\/uploads\/2025\/10\/rue-franklin-76-80-768x1254.jpg 768w, https:\/\/gaq.be\/wp-content\/uploads\/2025\/10\/rue-franklin-76-80-941x1536.jpg 941w, https:\/\/gaq.be\/wp-content\/uploads\/2025\/10\/rue-franklin-76-80-600x980.jpg 600w, https:\/\/gaq.be\/wp-content\/uploads\/2025\/10\/rue-franklin-76-80.jpg 980w\" sizes=\"auto, (max-width: 627px) 100vw, 627px\" \/><\/figure>\n<\/div>\n<\/div>\n<\/div>\n<\/div>\n\n\n\n<p><\/p>\n","protected":false},"excerpt":{"rendered":"<p>Rue Charles Martel<\/p>\n","protected":false},"author":76,"featured_media":14825,"comment_status":"closed","ping_status":"closed","sticky":false,"template":"","format":"standard","meta":{"_EventAllDay":false,"_EventTimezone":"","_EventStartDate":"","_EventEndDate":"","_EventStartDateUTC":"","_EventEndDateUTC":"","_EventShowMap":false,"_EventShowMapLink":false,"_EventURL":"","_EventCost":"","_EventCostDescription":"","_EventCurrencySymbol":"","_EventCurrencyCode":"","_EventCurrencyPosition":"","_EventDateTimeSeparator":"","_EventTimeRangeSeparator":"","_EventOrganizerID":[],"_EventVenueID":[],"_OrganizerEmail":"","_OrganizerPhone":"","_OrganizerWebsite":"","_VenueAddress":"","_VenueCity":"","_VenueCountry":"","_VenueProvince":"","_VenueState":"","_VenueZip":"","_VenuePhone":"","_VenueURL":"","_VenueStateProvince":"","_VenueLat":"","_VenueLng":"","_VenueShowMap":false,"_VenueShowMapLink":false,"footnotes":""},"categories":[228,144,165],"tags":[],"class_list":["post-14838","post","type-post","status-publish","format-standard","has-post-thumbnail","hentry","category-urban-planning","category-urbanisme","category-urbanisme-en"],"_links":{"self":[{"href":"https:\/\/gaq.be\/en\/wp-json\/wp\/v2\/posts\/14838","targetHints":{"allow":["GET"]}}],"collection":[{"href":"https:\/\/gaq.be\/en\/wp-json\/wp\/v2\/posts"}],"about":[{"href":"https:\/\/gaq.be\/en\/wp-json\/wp\/v2\/types\/post"}],"author":[{"embeddable":true,"href":"https:\/\/gaq.be\/en\/wp-json\/wp\/v2\/users\/76"}],"replies":[{"embeddable":true,"href":"https:\/\/gaq.be\/en\/wp-json\/wp\/v2\/comments?post=14838"}],"version-history":[{"count":1,"href":"https:\/\/gaq.be\/en\/wp-json\/wp\/v2\/posts\/14838\/revisions"}],"predecessor-version":[{"id":14842,"href":"https:\/\/gaq.be\/en\/wp-json\/wp\/v2\/posts\/14838\/revisions\/14842"}],"wp:featuredmedia":[{"embeddable":true,"href":"https:\/\/gaq.be\/en\/wp-json\/wp\/v2\/media\/14825"}],"wp:attachment":[{"href":"https:\/\/gaq.be\/en\/wp-json\/wp\/v2\/media?parent=14838"}],"wp:term":[{"taxonomy":"category","embeddable":true,"href":"https:\/\/gaq.be\/en\/wp-json\/wp\/v2\/categories?post=14838"},{"taxonomy":"post_tag","embeddable":true,"href":"https:\/\/gaq.be\/en\/wp-json\/wp\/v2\/tags?post=14838"}],"curies":[{"name":"wp","href":"https:\/\/api.w.org\/{rel}","templated":true}]}}