{"id":14989,"date":"2025-12-14T15:48:49","date_gmt":"2025-12-14T14:48:49","guid":{"rendered":"https:\/\/gaq.be\/enquete-publique-du-11-au-25-decembre-2025\/"},"modified":"2026-01-10T18:04:26","modified_gmt":"2026-01-10T17:04:26","slug":"enquete-publique-du-11-au-25-decembre-2025","status":"publish","type":"post","link":"https:\/\/gaq.be\/en\/enquete-publique-du-11-au-25-decembre-2025\/","title":{"rendered":"Public Inquiry from December 11 to 25, 2025"},"content":{"rendered":"\n<div class=\"wp-block-group has-global-padding is-layout-constrained wp-block-group-is-layout-constrained\" style=\"padding-bottom:var(--wp--preset--spacing--40)\"><div class=\"wp-block-gaq-post-header\">\n    \n        <div class=\"post-header__content\">\n        <p class=\"post-header__date\"><span>Published on<\/span> : 14 Dec 2025        <\/p>\n                        <p class=\"post-header__categories\">\n                                        <span class=\"post__category post__category-icon sector__-blue\">\n                            Urban planning                        <\/span>\n                                            <span class=\"post__category post__category-icon sector__urban-blue\">\n                            Urbanisme                        <\/span>\n                                    <\/p>\n                <\/div>\n<\/div><\/div>\n\n\n\n<div class=\"wp-block-group has-global-padding is-layout-constrained wp-block-group-is-layout-constrained\" style=\"padding-bottom:var(--wp--preset--spacing--40)\">\n<p class=\"has-text-align-center has-large-font-size\"><strong><mark style=\"background-color:rgba(0, 0, 0, 0);color:#cf2e2e\" class=\"has-inline-color\">Down with the red notices<\/mark><\/strong><\/p>\n\n\n\n<p class=\"has-text-align-center has-gaq-light-green-background-color has-background\"><em>We regularly present for your analysis public inquiry notices regarding projects in the neighbourhood. These urban planning permit applications have a direct impact not only on the properties under review but also on their surroundings.<br>In other words, they concern us all, whether we are immediate neighbours or not.<br>We therefore encourage all residents of the neighbourhood to respond by sending their thoughts to <a href=\"mailto:ca@gaq.be\" target=\"_blank\" rel=\"noreferrer noopener\">ca@gaq.be<\/a> with the subject line \u201cpublic inquiry\u201d. And of course, we urge you to make your voice heard individually during public inquiries.<br>Thank you all!<\/em>.<\/p>\n\n\n\n<p class=\"has-text-align-center has-large-font-size\"><mark style=\"background-color:#7bdcb5\" class=\"has-inline-color\">All residents are invited to participate in the permit applications (red billboards on public spaces\u201d). A template letter is available on the website in both national languages<\/mark> <a href=\"https:\/\/docs.google.com\/document\/d\/1ICuM7aDWOnYI4sATvi30ImV_YBxq3uA5\/edit?usp=sharing&amp;ouid=106323981143529359743&amp;rtpof=true&amp;sd=true\">French<\/a> | <a href=\"https:\/\/docs.google.com\/document\/d\/1iSZucT2mbXkkrtsGJwvb1ODI88WsUop7\/edit?usp=drive_link&amp;ouid=106323981143529359743&amp;rtpof=true&amp;sd=true\">Dutch<\/a><\/p>\n<\/div>\n\n\n\n<div class=\"wp-block-group alignwide has-global-padding is-layout-constrained wp-block-group-is-layout-constrained\" style=\"padding-top:var(--wp--preset--spacing--40);padding-bottom:var(--wp--preset--spacing--40)\">\n<div class=\"wp-block-columns alignwide is-layout-flex wp-container-core-columns-is-layout-1d9f35bd wp-block-columns-is-layout-flex\">\n<div class=\"wp-block-column is-layout-flow wp-block-column-is-layout-flow\">\n<div class=\"wp-block-group is-style-group-green-shadow-up has-global-padding is-layout-constrained wp-block-group-is-layout-constrained\">\n<figure class=\"wp-block-image size-large\"><img loading=\"lazy\" decoding=\"async\" width=\"1024\" height=\"728\" src=\"https:\/\/gaq.be\/wp-content\/uploads\/2025\/12\/rue-le-Titien-46-1024x728.jpg\" alt=\"\" class=\"wp-image-14982\" srcset=\"https:\/\/gaq.be\/wp-content\/uploads\/2025\/12\/rue-le-Titien-46-1024x728.jpg 1024w, https:\/\/gaq.be\/wp-content\/uploads\/2025\/12\/rue-le-Titien-46-300x213.jpg 300w, https:\/\/gaq.be\/wp-content\/uploads\/2025\/12\/rue-le-Titien-46-768x546.jpg 768w, https:\/\/gaq.be\/wp-content\/uploads\/2025\/12\/rue-le-Titien-46-1536x1092.jpg 1536w, https:\/\/gaq.be\/wp-content\/uploads\/2025\/12\/rue-le-Titien-46-600x426.jpg 600w, https:\/\/gaq.be\/wp-content\/uploads\/2025\/12\/rue-le-Titien-46.jpg 1600w\" sizes=\"auto, (max-width: 1024px) 100vw, 1024px\" \/><\/figure>\n<\/div>\n<\/div>\n\n\n\n<div class=\"wp-block-column is-layout-flow wp-block-column-is-layout-flow\">\n<h3 class=\"wp-block-heading\">46, rue le Titien<\/h3>\n\n\n\n<p><a href=\"https:\/\/www.bruxelles.be\/sites\/default\/files\/public-inquiry\/Rue%20le%20Titien%2046%20%28L9532025%29.pdf\">https:\/\/www.bruxelles.be\/sites\/default\/files\/public-inquiry\/Rue%20le%20Titien%2046%20%28L9532025%29.pdf<\/a><\/p>\n\n\n\n<p>PERMIS D\u2019URBANISME L953\/2025<\/p>\n\n\n\n<p>r\u00e9am\u00e9nager un appartement (2ch) au 1er \u00e9tage d&#8217;un immeuble de rapport et remplacer les ch\u00e2ssis en fa\u00e7ade \u00e0 rue (mise en conformit\u00e9)<\/p>\n<\/div>\n<\/div>\n<\/div>\n","protected":false},"excerpt":{"rendered":"<p>Public Inquiry rue le Titien 46<\/p>\n","protected":false},"author":76,"featured_media":14984,"comment_status":"closed","ping_status":"closed","sticky":false,"template":"","format":"standard","meta":{"_EventAllDay":false,"_EventTimezone":"","_EventStartDate":"","_EventEndDate":"","_EventStartDateUTC":"","_EventEndDateUTC":"","_EventShowMap":false,"_EventShowMapLink":false,"_EventURL":"","_EventCost":"","_EventCostDescription":"","_EventCurrencySymbol":"","_EventCurrencyCode":"","_EventCurrencyPosition":"","_EventDateTimeSeparator":"","_EventTimeRangeSeparator":"","_EventOrganizerID":[],"_EventVenueID":[],"_OrganizerEmail":"","_OrganizerPhone":"","_OrganizerWebsite":"","_VenueAddress":"","_VenueCity":"","_VenueCountry":"","_VenueProvince":"","_VenueState":"","_VenueZip":"","_VenuePhone":"","_VenueURL":"","_VenueStateProvince":"","_VenueLat":"","_VenueLng":"","_VenueShowMap":false,"_VenueShowMapLink":false,"footnotes":""},"categories":[228,144],"tags":[],"class_list":["post-14989","post","type-post","status-publish","format-standard","has-post-thumbnail","hentry","category-urban-planning","category-urbanisme"],"_links":{"self":[{"href":"https:\/\/gaq.be\/en\/wp-json\/wp\/v2\/posts\/14989","targetHints":{"allow":["GET"]}}],"collection":[{"href":"https:\/\/gaq.be\/en\/wp-json\/wp\/v2\/posts"}],"about":[{"href":"https:\/\/gaq.be\/en\/wp-json\/wp\/v2\/types\/post"}],"author":[{"embeddable":true,"href":"https:\/\/gaq.be\/en\/wp-json\/wp\/v2\/users\/76"}],"replies":[{"embeddable":true,"href":"https:\/\/gaq.be\/en\/wp-json\/wp\/v2\/comments?post=14989"}],"version-history":[{"count":2,"href":"https:\/\/gaq.be\/en\/wp-json\/wp\/v2\/posts\/14989\/revisions"}],"predecessor-version":[{"id":14995,"href":"https:\/\/gaq.be\/en\/wp-json\/wp\/v2\/posts\/14989\/revisions\/14995"}],"wp:featuredmedia":[{"embeddable":true,"href":"https:\/\/gaq.be\/en\/wp-json\/wp\/v2\/media\/14984"}],"wp:attachment":[{"href":"https:\/\/gaq.be\/en\/wp-json\/wp\/v2\/media?parent=14989"}],"wp:term":[{"taxonomy":"category","embeddable":true,"href":"https:\/\/gaq.be\/en\/wp-json\/wp\/v2\/categories?post=14989"},{"taxonomy":"post_tag","embeddable":true,"href":"https:\/\/gaq.be\/en\/wp-json\/wp\/v2\/tags?post=14989"}],"curies":[{"name":"wp","href":"https:\/\/api.w.org\/{rel}","templated":true}]}}