{"id":15464,"date":"2026-04-30T19:04:40","date_gmt":"2026-04-30T17:04:40","guid":{"rendered":"https:\/\/gaq.be\/enquetes-publiques-du-29-avril-au-28-mai-2026\/"},"modified":"2026-04-30T19:33:08","modified_gmt":"2026-04-30T17:33:08","slug":"enquetes-publiques-du-29-avril-au-28-mai-2026","status":"publish","type":"post","link":"https:\/\/gaq.be\/en\/enquetes-publiques-du-29-avril-au-28-mai-2026\/","title":{"rendered":"Public inquiries from 29 April to 28 May 2026"},"content":{"rendered":"\n<div class=\"wp-block-group has-global-padding is-layout-constrained wp-block-group-is-layout-constrained\" style=\"padding-bottom:var(--wp--preset--spacing--40)\"><div class=\"wp-block-gaq-post-header\">\n    \n        <div class=\"post-header__content\">\n        <p class=\"post-header__date\"><span>Published on<\/span> : 30 Apr 2026        <\/p>\n                        <p class=\"post-header__categories\">\n                                        <span class=\"post__category post__category-icon sector__-blue\">\n                            Urban planning                        <\/span>\n                                    <\/p>\n                <\/div>\n<\/div><\/div>\n\n\n\n<div class=\"wp-block-group has-global-padding is-layout-constrained wp-block-group-is-layout-constrained\" style=\"padding-bottom:var(--wp--preset--spacing--40)\">\n<p class=\"has-text-align-center has-vivid-red-color has-text-color has-link-color has-large-font-size wp-elements-57c7fb4790967ad1329656cd5e654de7\"><strong>Don\u2019t miss the red posters<\/strong><\/p>\n\n\n\n<p class=\"has-text-align-center has-gaq-light-green-background-color has-background\"><em>We regularly present public inquiry notices for your revieuw concerning projects in the neighbourhood. These urban planning permit applications have a direct impact not only on the properties under review but also on their surroundings.<br>In other words, they concern us all, whether we are immediate neighbours or not.<br>We therefore encourage all neighbourghood residents to share their views by emailing <a href=\"mailto:ca@gaq.be\" target=\"_blank\" rel=\"noreferrer noopener\">ca@gaq.be<\/a> with the subject line \u201cpublic inquiry\u201d. <\/em>O<em>f course, we also urge you to make your voice heard individually during public inquiries.<br>Thank you all!.<\/em><\/p>\n\n\n\n<p class=\"has-text-align-center has-gaq-green-background-color has-background has-large-font-size\">All residents are invited to participate in the permit applications (red billboards on public spaces\u201d). A template letter is available on the website in both national languages <a href=\"https:\/\/docs.google.com\/document\/d\/1ICuM7aDWOnYI4sATvi30ImV_YBxq3uA5\/edit?usp=sharing&amp;ouid=106323981143529359743&amp;rtpof=true&amp;sd=true\">French<\/a> | <a href=\"https:\/\/docs.google.com\/document\/d\/1iSZucT2mbXkkrtsGJwvb1ODI88WsUop7\/edit?usp=drive_link&amp;ouid=106323981143529359743&amp;rtpof=true&amp;sd=true\">Dutch<\/a><\/p>\n<\/div>\n\n\n\n<p class=\"has-large-font-size\">From 29 April to 28 May 2026<\/p>\n\n\n\n<div class=\"wp-block-group alignfull has-gaq-light-green-background-color has-background has-global-padding is-layout-constrained wp-container-core-group-is-layout-f90d3be4 wp-block-group-is-layout-constrained\" style=\"padding-top:var(--wp--preset--spacing--40);padding-right:var(--wp--preset--spacing--30);padding-bottom:var(--wp--preset--spacing--40);padding-left:var(--wp--preset--spacing--30)\">\n<div class=\"wp-block-group has-gaq-blue-color has-text-color has-global-padding is-layout-constrained wp-container-core-group-is-layout-8e1e079d wp-block-group-is-layout-constrained\" style=\"padding-top:var(--wp--preset--spacing--30);padding-right:0;padding-bottom:0;padding-left:0\">\n<div class=\"wp-block-columns alignwide is-layout-flex wp-container-core-columns-is-layout-1d9f35bd wp-block-columns-is-layout-flex\">\n<div class=\"wp-block-column is-layout-flow wp-block-column-is-layout-flow\">\n<h3 class=\"wp-block-heading\">Rue Wiertz 43<\/h3>\n\n\n\n<p class=\"has-large-font-size\">Parlement europ\u00e9en<\/p>\n\n\n\n<p>PERMIS D\u2019URBANISME (W299\/2026)<\/p>\n\n\n\n<p><a href=\"https:\/\/www.bruxelles.be\/sites\/default\/files\/public-inquiry\/Rue%20Wiertz%2043%20%28PU-W2992026%29v2.pdf\">https:\/\/www.bruxelles.be\/sites\/default\/files\/public-inquiry\/Rue%20Wiertz%2043%20%28PU-W2992026%29v2.pdf<\/a><\/p>\n\n\n\n<p>R\u00e9nover le b\u00e2timent Paul-Henry Spaak (Parlement Europ\u00e9en) :<\/p>\n\n\n\n<ul class=\"wp-block-list\">\n<li>am\u00e9lioration des performances \u00e9nerg\u00e9tiques,<\/li>\n\n\n\n<li>modification de l\u2019enveloppe du b\u00e2timent, <\/li>\n\n\n\n<li>rehausse des ailes lat\u00e9rales et du volume semi-cylindrique de la fa\u00e7ade est, <\/li>\n\n\n\n<li>r\u00e9organisation des fonctions et des am\u00e9nagements int\u00e9rieurs,<\/li>\n\n\n\n<li>r\u00e9am\u00e9nagement des abords directs<\/li>\n<\/ul>\n<\/div>\n\n\n\n<div class=\"wp-block-column is-layout-flow wp-block-column-is-layout-flow\">\n<div class=\"wp-block-group is-style-group-green-shadow-up has-global-padding is-layout-constrained wp-block-group-is-layout-constrained\">\n<div class=\"wp-block-cover is-light\" style=\"min-height:591px;aspect-ratio:unset;\"><img loading=\"lazy\" decoding=\"async\" width=\"1024\" height=\"578\" class=\"wp-block-cover__image-background wp-image-8333\" alt=\"\" src=\"https:\/\/gaq.be\/wp-content\/uploads\/2023\/08\/Parc-Cinquantenaire-1024x578.jpg\" style=\"object-position:49% 39%\" data-object-fit=\"cover\" data-object-position=\"49% 39%\" srcset=\"https:\/\/gaq.be\/wp-content\/uploads\/2023\/08\/Parc-Cinquantenaire-1024x578.jpg 1024w, https:\/\/gaq.be\/wp-content\/uploads\/2023\/08\/Parc-Cinquantenaire-300x169.jpg 300w, https:\/\/gaq.be\/wp-content\/uploads\/2023\/08\/Parc-Cinquantenaire-768x434.jpg 768w, https:\/\/gaq.be\/wp-content\/uploads\/2023\/08\/Parc-Cinquantenaire-1536x868.jpg 1536w, https:\/\/gaq.be\/wp-content\/uploads\/2023\/08\/Parc-Cinquantenaire-2048x1157.jpg 2048w, https:\/\/gaq.be\/wp-content\/uploads\/2023\/08\/Parc-Cinquantenaire-600x339.jpg 600w\" sizes=\"auto, (max-width: 1024px) 100vw, 1024px\" \/><span aria-hidden=\"true\" class=\"wp-block-cover__background has-background-dim-0 has-background-dim\"><\/span><div class=\"wp-block-cover__inner-container is-layout-flow wp-block-cover-is-layout-flow\">\n<p class=\"has-text-align-center has-large-font-size\"><\/p>\n<\/div><\/div>\n<\/div>\n<\/div>\n<\/div>\n<\/div>\n<\/div>\n\n\n\n<p><\/p>\n","protected":false},"excerpt":{"rendered":"<p>historicalarchives.europarl.europa.eu<\/p>\n","protected":false},"author":76,"featured_media":15460,"comment_status":"closed","ping_status":"closed","sticky":false,"template":"","format":"standard","meta":{"_EventAllDay":false,"_EventTimezone":"","_EventStartDate":"","_EventEndDate":"","_EventStartDateUTC":"","_EventEndDateUTC":"","_EventShowMap":false,"_EventShowMapLink":false,"_EventURL":"","_EventCost":"","_EventCostDescription":"","_EventCurrencySymbol":"","_EventCurrencyCode":"","_EventCurrencyPosition":"","_EventDateTimeSeparator":"","_EventTimeRangeSeparator":"","_EventOrganizerID":[],"_EventVenueID":[],"_OrganizerEmail":"","_OrganizerPhone":"","_OrganizerWebsite":"","_VenueAddress":"","_VenueCity":"","_VenueCountry":"","_VenueProvince":"","_VenueState":"","_VenueZip":"","_VenuePhone":"","_VenueURL":"","_VenueStateProvince":"","_VenueLat":"","_VenueLng":"","_VenueShowMap":false,"_VenueShowMapLink":false,"footnotes":""},"categories":[228],"tags":[],"class_list":["post-15464","post","type-post","status-publish","format-standard","has-post-thumbnail","hentry","category-urban-planning"],"_links":{"self":[{"href":"https:\/\/gaq.be\/en\/wp-json\/wp\/v2\/posts\/15464","targetHints":{"allow":["GET"]}}],"collection":[{"href":"https:\/\/gaq.be\/en\/wp-json\/wp\/v2\/posts"}],"about":[{"href":"https:\/\/gaq.be\/en\/wp-json\/wp\/v2\/types\/post"}],"author":[{"embeddable":true,"href":"https:\/\/gaq.be\/en\/wp-json\/wp\/v2\/users\/76"}],"replies":[{"embeddable":true,"href":"https:\/\/gaq.be\/en\/wp-json\/wp\/v2\/comments?post=15464"}],"version-history":[{"count":2,"href":"https:\/\/gaq.be\/en\/wp-json\/wp\/v2\/posts\/15464\/revisions"}],"predecessor-version":[{"id":15470,"href":"https:\/\/gaq.be\/en\/wp-json\/wp\/v2\/posts\/15464\/revisions\/15470"}],"wp:featuredmedia":[{"embeddable":true,"href":"https:\/\/gaq.be\/en\/wp-json\/wp\/v2\/media\/15460"}],"wp:attachment":[{"href":"https:\/\/gaq.be\/en\/wp-json\/wp\/v2\/media?parent=15464"}],"wp:term":[{"taxonomy":"category","embeddable":true,"href":"https:\/\/gaq.be\/en\/wp-json\/wp\/v2\/categories?post=15464"},{"taxonomy":"post_tag","embeddable":true,"href":"https:\/\/gaq.be\/en\/wp-json\/wp\/v2\/tags?post=15464"}],"curies":[{"name":"wp","href":"https:\/\/api.w.org\/{rel}","templated":true}]}}