{"id":1639,"date":"2019-04-18T16:30:58","date_gmt":"2019-04-18T14:30:58","guid":{"rendered":"http:\/\/gaq.be\/?p=1639"},"modified":"2019-04-19T12:35:16","modified_gmt":"2019-04-19T10:35:16","slug":"rue-van-campenhout-21-enquete-publique","status":"publish","type":"post","link":"https:\/\/gaq.be\/en\/rue-van-campenhout-21-enquete-publique\/","title":{"rendered":"Rue Van Campenhout 21 &#8211; Enqu\u00eate publique &#8211; 18\/04 &#8211; 02\/05"},"content":{"rendered":"\n<div class=\"wp-block-group has-global-padding is-layout-constrained wp-block-group-is-layout-constrained\" style=\"padding-bottom:var(--wp--preset--spacing--40)\"><div class=\"wp-block-gaq-post-header\">\n    \n        <div class=\"post-header__content\">\n        <p class=\"post-header__date\"><span>Published on<\/span> : 18 Apr 2019        <\/p>\n                        <p class=\"post-header__categories\">\n                                        <span class=\"post__category post__category-icon sector__divers-blue\">\n                            Divers                        <\/span>\n                                            <span class=\"post__category post__category-icon sector__urban-blue\">\n                            Urbanisme                        <\/span>\n                                    <\/p>\n                <\/div>\n<\/div><\/div>\n\n\n<p>Projet de r\u00e9novation d\u2019un b\u00e2timent unifamilial. Propri\u00e9t\u00e9 compos\u00e9e de deux b\u00e2timents (maison au bord de rue et atelier a l\u2019arri\u00e8re du jardin.&nbsp;&nbsp;Le nombre d\u2019\u00e9tages et l\u2019affectation restera les m\u00eames, mais le projet implique plusieurs extensions mineures du volume a cote arri\u00e8re.&nbsp;&nbsp;L\u2019extension du b\u00e2timent vise \u00e0 aligner la fa\u00e7ade arri\u00e8re avec la limite de la partie existante d\u2019entresol qui est \u00e9galement align\u00e9e sur celle du voisin (no19).&nbsp;&nbsp;La hauteur de la gette de la fa\u00e7ade arri\u00e8re reste la m\u00eame.&nbsp;&nbsp;Le rehaussement du niveau du grenier est en correspondance a l\u2019alignement de la toiture du voisin, mais n\u2019apporte aucune modification \u00e0 la corniche existante.&nbsp; Il ne semble pas y avoir de modification \u00e0 l&#8217;atelier.<\/p>\n\n\n\n<div class=\"wp-block-file\"><a href=\"http:\/\/gaq.be\/wp-content\/uploads\/2019\/04\/20190318_plans.pdf\">20190318_plans<\/a><a href=\"http:\/\/gaq.be\/wp-content\/uploads\/2019\/04\/20190318_plans.pdf\" class=\"wp-block-file__button\" download>T\u00e9l\u00e9charger<\/a><\/div>\n\n\n\n<div class=\"wp-block-file\"><a href=\"http:\/\/gaq.be\/wp-content\/uploads\/2019\/04\/20190318_photos.pdf\">20190318_photos<\/a><a href=\"http:\/\/gaq.be\/wp-content\/uploads\/2019\/04\/20190318_photos.pdf\" class=\"wp-block-file__button\" download>T\u00e9l\u00e9charger<\/a><\/div>\n\n\n\n<div class=\"wp-block-file\"><a href=\"http:\/\/gaq.be\/wp-content\/uploads\/2019\/04\/20190318_note_explicative.pdf\">20190318_note_explicative<\/a><a href=\"http:\/\/gaq.be\/wp-content\/uploads\/2019\/04\/20190318_note_explicative.pdf\" class=\"wp-block-file__button\" download>T\u00e9l\u00e9charger<\/a><\/div>\n\n\n\n<div class=\"wp-block-file\"><a href=\"http:\/\/gaq.be\/wp-content\/uploads\/2019\/04\/20190318_demande.pdf\">20190318_demande<\/a><a href=\"http:\/\/gaq.be\/wp-content\/uploads\/2019\/04\/20190318_demande.pdf\" class=\"wp-block-file__button\" download>T\u00e9l\u00e9charger<\/a><\/div>\n\n\n\n<div class=\"wp-block-file\"><a href=\"http:\/\/gaq.be\/wp-content\/uploads\/2019\/04\/20181221_photos.pdf\">20181221_photos<\/a><a href=\"http:\/\/gaq.be\/wp-content\/uploads\/2019\/04\/20181221_photos.pdf\" class=\"wp-block-file__button\" download>T\u00e9l\u00e9charger<\/a><\/div>\n\n\n\n<div class=\"wp-block-file\"><a href=\"http:\/\/gaq.be\/wp-content\/uploads\/2019\/04\/Rue_Van_Campenhout_21_PU-V13312018.pdf\">Rue_Van_Campenhout_21_PU-V13312018<\/a><a href=\"http:\/\/gaq.be\/wp-content\/uploads\/2019\/04\/Rue_Van_Campenhout_21_PU-V13312018.pdf\" class=\"wp-block-file__button\" download>T\u00e9l\u00e9charger<\/a><\/div>\n\t","protected":false},"excerpt":{"rendered":"<p>Projet de r\u00e9novation d\u2019un b\u00e2timent unifamilial. Propri\u00e9t\u00e9 compos\u00e9e de deux b\u00e2timents (maison au bord de rue et atelier a l\u2019arri\u00e8re du jardin.&nbsp;&nbsp;Le nombre d\u2019\u00e9tages et l\u2019affectation restera les m\u00eames, mais [&hellip;]<\/p>\n","protected":false},"author":51,"featured_media":0,"comment_status":"open","ping_status":"closed","sticky":false,"template":"","format":"standard","meta":{"_EventAllDay":false,"_EventTimezone":"","_EventStartDate":"","_EventEndDate":"","_EventStartDateUTC":"","_EventEndDateUTC":"","_EventShowMap":false,"_EventShowMapLink":false,"_EventURL":"","_EventCost":"","_EventCostDescription":"","_EventCurrencySymbol":"","_EventCurrencyCode":"","_EventCurrencyPosition":"","_EventDateTimeSeparator":"","_EventTimeRangeSeparator":"","_EventOrganizerID":[],"_EventVenueID":[],"_OrganizerEmail":"","_OrganizerPhone":"","_OrganizerWebsite":"","_VenueAddress":"","_VenueCity":"","_VenueCountry":"","_VenueProvince":"","_VenueState":"","_VenueZip":"","_VenuePhone":"","_VenueURL":"","_VenueStateProvince":"","_VenueLat":"","_VenueLng":"","_VenueShowMap":false,"_VenueShowMapLink":false,"footnotes":""},"categories":[145,144],"tags":[],"class_list":["post-1639","post","type-post","status-publish","format-standard","hentry","category-divers","category-urbanisme"],"_links":{"self":[{"href":"https:\/\/gaq.be\/en\/wp-json\/wp\/v2\/posts\/1639","targetHints":{"allow":["GET"]}}],"collection":[{"href":"https:\/\/gaq.be\/en\/wp-json\/wp\/v2\/posts"}],"about":[{"href":"https:\/\/gaq.be\/en\/wp-json\/wp\/v2\/types\/post"}],"author":[{"embeddable":true,"href":"https:\/\/gaq.be\/en\/wp-json\/wp\/v2\/users\/51"}],"replies":[{"embeddable":true,"href":"https:\/\/gaq.be\/en\/wp-json\/wp\/v2\/comments?post=1639"}],"version-history":[{"count":4,"href":"https:\/\/gaq.be\/en\/wp-json\/wp\/v2\/posts\/1639\/revisions"}],"predecessor-version":[{"id":1669,"href":"https:\/\/gaq.be\/en\/wp-json\/wp\/v2\/posts\/1639\/revisions\/1669"}],"wp:attachment":[{"href":"https:\/\/gaq.be\/en\/wp-json\/wp\/v2\/media?parent=1639"}],"wp:term":[{"taxonomy":"category","embeddable":true,"href":"https:\/\/gaq.be\/en\/wp-json\/wp\/v2\/categories?post=1639"},{"taxonomy":"post_tag","embeddable":true,"href":"https:\/\/gaq.be\/en\/wp-json\/wp\/v2\/tags?post=1639"}],"curies":[{"name":"wp","href":"https:\/\/api.w.org\/{rel}","templated":true}]}}