{"id":351,"date":"2018-06-06T15:17:10","date_gmt":"2018-06-06T13:17:10","guid":{"rendered":"http:\/\/gaq.be\/?p=351"},"modified":"2018-06-19T18:00:07","modified_gmt":"2018-06-19T16:00:07","slug":"rue-de-linquisition-41-45-en-enquete-du-8-au-22-juin-2018","status":"publish","type":"post","link":"https:\/\/gaq.be\/en\/rue-de-linquisition-41-45-en-enquete-du-8-au-22-juin-2018\/","title":{"rendered":"rue de l&#8217;Inquisition 41-45, en enqu\u00eate du 8 au 22 juin 2018"},"content":{"rendered":"\n<div class=\"wp-block-group has-global-padding is-layout-constrained wp-block-group-is-layout-constrained\" style=\"padding-bottom:var(--wp--preset--spacing--40)\"><div class=\"wp-block-gaq-post-header\">\n    \n        <div class=\"post-header__content\">\n        <p class=\"post-header__date\"><span>Published on<\/span> : 6 Jun 2018        <\/p>\n                        <p class=\"post-header__categories\">\n                                        <span class=\"post__category post__category-icon sector__divers-blue\">\n                            Divers                        <\/span>\n                                            <span class=\"post__category post__category-icon sector__urban-blue\">\n                            Urbanisme                        <\/span>\n                                    <\/p>\n                <\/div>\n<\/div><\/div>\n\n<table dir=\"LTR\" border=\"1\" width=\"903\" cellspacing=\"0\" cellpadding=\"9\">\r\n<tbody>\r\n<tr>\r\n<td valign=\"TOP\" width=\"33%\" height=\"29\"><span style=\"font-size: small;\">Demande de <\/span>\r\n\r\n<b><\/b><span style=\"font-family: Arial,Arial; font-size: small;\"><b>PERMIS D&#8217;URBANISME <\/b><\/span><\/td>\r\n<td colspan=\"2\" valign=\"TOP\" width=\"33%\" height=\"29\">art. 175\r\n\r\n<span style=\"font-family: Arial,Arial; font-size: medium;\"><b>PU &#8211; I520\/2018 <\/b><\/span><\/td>\r\n<td valign=\"TOP\" width=\"33%\" height=\"29\">Aanvraag tot\r\n\r\n<b><\/b><span style=\"font-family: Arial,Arial; font-size: small;\"><b>STEDENBOUWKUNDIGE VERGUNNING <\/b><\/span><\/td>\r\n<\/tr>\r\n<tr>\r\n<td colspan=\"2\" valign=\"TOP\" width=\"50%\" height=\"12\"><i><\/i><span style=\"font-family: Arial,Arial; font-size: xx-small;\"><i>Le projet suivant est mis \u00e0 l\u2019enqu\u00eate publique. Cet avis ne pr\u00e9juge en rien de la d\u00e9cision de la Ville sur ledit dossier. <\/i><\/span><\/td>\r\n<td colspan=\"2\" valign=\"TOP\" width=\"50%\" height=\"12\"><i><\/i><span style=\"font-family: Arial,Arial; font-size: xx-small;\"><i>Het volgende project wordt aan openbaar onderzoek onderworpen. Deze kennisgeving houdt geen oordeel in van de Stad aangaande dit dossier. <\/i><\/span><\/td>\r\n<\/tr>\r\n<tr>\r\n<td colspan=\"2\" valign=\"TOP\" width=\"50%\" height=\"20\"><span style=\"font-size: small;\">Adresse du bien : <\/span><b><span style=\"font-family: Arial,Arial; font-size: small;\">Rue de l&#8217;Inquisition de 41 \u00e0 45 <\/span><\/b>\r\n\r\n<b> <\/b><span style=\"font-size: small;\">Parcelle cadastrale : <\/span><b><span style=\"font-family: Arial,Arial; font-size: small;\">21806\/f\/24\/c\/2\/0 <\/span><\/b><\/td>\r\n<td colspan=\"2\" valign=\"TOP\" width=\"50%\" height=\"20\"><span style=\"font-size: small;\">Adres van het goed : <\/span><b><span style=\"font-family: Arial,Arial; font-size: small;\">Inquisitiestraat van 41 tot 45 <\/span><\/b>\r\n\r\n<b> <\/b><span style=\"font-size: small;\">Kadastraal perceel : <\/span><b><span style=\"font-family: Arial,Arial; font-size: small;\">21806\/f\/24\/c\/2\/0 <\/span><\/b><\/td>\r\n<\/tr>\r\n<tr>\r\n<td colspan=\"2\" valign=\"TOP\" width=\"50%\" height=\"7\"><span style=\"font-size: small;\">Identit\u00e9 du demandeur : <\/span><b><span style=\"font-family: Arial,Arial; font-size: small;\">TELENET GROUP S.P.R.L. <\/span><\/b><\/td>\r\n<td colspan=\"2\" valign=\"TOP\" width=\"50%\" height=\"7\"><span style=\"font-size: small;\">Identiteit van de aanvrager : <\/span><b><span style=\"font-family: Arial,Arial; font-size: small;\">TELENET GROUP S.P.R.L. <\/span><\/b><\/td>\r\n<\/tr>\r\n<tr>\r\n<td colspan=\"2\" valign=\"TOP\" width=\"50%\" height=\"36\">Objet de la demande (nature de l\u2019activit\u00e9 principale) :\r\n\r\n<b><\/b><span style=\"font-family: Arial,Arial; font-size: small;\"><b>implanter un relais de t\u00e9l\u00e9communication mobile pour Telenet <\/b><\/span><\/td>\r\n<td colspan=\"2\" valign=\"TOP\" width=\"50%\" height=\"36\">Onderwerp van de aanvraag (aard van de hoofdactiviteit) :\r\n\r\n<b><\/b><span style=\"font-family: Arial,Arial; font-size: small;\"><b>inplanten van een station voor mobiele telecommunicatie voor Telenet <\/b><\/span><\/td>\r\n<\/tr>\r\n<tr>\r\n<td colspan=\"2\" valign=\"TOP\" width=\"50%\" height=\"36\">Zone :\r\n\r\n<i><\/i><span style=\"font-family: Arial,Arial; font-size: small;\"><i>plan r\u00e9gional d\u2019affectation du sol (P.R.A.S.) adopt\u00e9 par A.G.R.B.C. du 03\/05\/2001 <\/i><\/span><span style=\"font-size: small;\">: zone d&#8217;habitation \u00e0 pr\u00e9dominance r\u00e9sidentielle <\/span><\/td>\r\n<td colspan=\"2\" valign=\"TOP\" width=\"50%\" height=\"36\">Gebied :\r\n\r\n<i><\/i><span style=\"font-family: Arial,Arial; font-size: small;\"><i>gewestelijk bestemmingsplan (G.B.P) aangenomen bij B.B.H.R. van 03\/05\/2001<\/i><\/span><span style=\"font-size: small;\">: woongebied met residentieel karakter <\/span><\/td>\r\n<\/tr>\r\n<tr>\r\n<td colspan=\"2\" valign=\"TOP\" width=\"50%\" height=\"36\">Motifs principaux de l&#8217;enqu\u00eate :\r\n\r\n<span style=\"font-size: small;\">application de la prescription particuli\u00e8re 1.5.2\u00b0 du PRAS (modifications des caract\u00e9ristiques urbanistiques des constructions) <\/span><\/td>\r\n<td colspan=\"2\" valign=\"TOP\" width=\"50%\" height=\"36\">Hoofdmotieven van het onderzoek :\r\n\r\n<span style=\"font-size: small;\">toepassing van het bijzonder voorschrift 1.5.2\u00b0 van het GBP (wijzigingen van het stedenbouwkundig karakter van de bouwwerken) <\/span><\/td>\r\n<\/tr>\r\n<tr>\r\n<td colspan=\"2\" valign=\"TOP\" width=\"50%\" height=\"75\"><span style=\"font-size: small;\">L\u2019enqu\u00eate publique se d\u00e9roule <\/span><b><span style=\"font-family: Arial,Arial; font-size: small;\">du 08\/06\/2018 au 22\/06\/2018 <\/span><\/b>\r\n\r\n&nbsp;<\/td>\r\n<td colspan=\"2\" valign=\"TOP\" width=\"50%\" height=\"75\"><span style=\"font-size: small;\">Het openbaar onderzoek vindt plaats <\/span><b><span style=\"font-family: Arial,Arial; font-size: small;\">van 08\/06\/2018 tot 22\/06\/2018 <\/span><\/b>\r\n\r\n&nbsp;<\/td>\r\n<\/tr>\r\n<tr>\r\n<td colspan=\"2\" valign=\"TOP\" width=\"50%\" height=\"132\"><\/td>\r\n<td colspan=\"2\" valign=\"TOP\" width=\"50%\" height=\"132\"><\/td>\r\n<\/tr>\r\n<tr>\r\n<td colspan=\"2\" valign=\"TOP\" width=\"50%\" height=\"123\"><b><\/b><span style=\"font-family: Arial,Arial; font-size: small;\"><b>La r\u00e9union de la Commission de concertation est fix\u00e9e au mardi 03 juillet 2018 <\/b><\/span><span style=\"font-size: small;\">au Centre Administratif de la Ville de Bruxelles, bd. Anspach, 6 &#8211; 1000 Bruxelles (t\u00e9l.02.279.29.29) \u00e0 une heure qui reste \u00e0 fixer. <\/span>\r\n\r\n&nbsp;<\/td>\r\n<td colspan=\"2\" valign=\"TOP\" width=\"50%\" height=\"123\"><b><span style=\"font-family: Arial,Arial; font-size: small;\">De vergadering van de Overlegcommissie vindt plaats op dinsdag 03 juli 2018 <\/span><\/b><span style=\"font-size: small;\">in het Administratief Centrum van de Stad Brussel, Anspachlaan, 6 &#8211; 1000 Brussel (tel. 02.279.29.29) op een nog nader te bepalen tijdstip. <\/span><\/td>\r\n<\/tr>\r\n<tr>\r\n<td colspan=\"2\" valign=\"TOP\" width=\"50%\" height=\"36\"><span style=\"font-size: small;\">A Bruxelles, le <\/span><b><span style=\"font-family: Arial,Arial; font-size: small;\">30\/05\/2018 <\/span><\/b>\r\n\r\n<b> <\/b><span style=\"font-size: small;\">Par le Coll\u00e8ge, Le Secr\u00e9taire de la Ville, Le Bourgmestre, Luc SYMOENS. Philippe CLOSE. <\/span><\/td>\r\n<td colspan=\"2\" valign=\"TOP\" width=\"50%\" height=\"36\"><span style=\"font-size: small;\">Te Brussel, <\/span><b><span style=\"font-family: Arial,Arial; font-size: small;\">30\/05\/2018 <\/span><\/b>\r\n\r\n<b> <\/b><span style=\"font-size: small;\">Vanwege het College, De Stadssecretaris, De Burgemeester <\/span><\/td>\r\n<\/tr>\r\n<\/tbody>\r\n<\/table>\r\n<ul>\r\n \t<li><a href=\"http:\/\/gaq.be\/wp-content\/uploads\/2018\/06\/04PUFD676625_AFFEP_12___1239235959-1.doc\">04PUFD676625_AFFEP_12___1239235959<\/a><\/li>\r\n<\/ul>\r\nPDF\r\n<ul>\r\n \t<li><a href=\"http:\/\/gaq.be\/wp-content\/uploads\/2018\/06\/I520-2018-statistique-LIGHT.pdf\">I520 2018 statistique-LIGHT<\/a><\/li>\r\n \t<li><a href=\"http:\/\/gaq.be\/wp-content\/uploads\/2018\/06\/I520-2018-annexe-II-LIGHT.pdf\">I520 2018 annexe II-LIGHT<\/a><\/li>\r\n \t<li><a href=\"http:\/\/gaq.be\/wp-content\/uploads\/2018\/06\/I520-2018-annexe-I-LIGHT.pdf\">I520 2018 annexe <\/a><a href=\"http:\/\/gaq.be\/wp-content\/uploads\/2018\/06\/I520-2018-annexe-I-LIGHT.pdf\">I-LIGHT<\/a><\/li>\r\n \t<li><a href=\"http:\/\/gaq.be\/wp-content\/uploads\/2018\/06\/I520-2018-attestation-de-propri\u251c\u00aet\u251c\u00ae-LIGHT.pdf\">I520 2018 attestation de propri\u251c\u00aet\u251c\u00ae-LIGHT<\/a><\/li>\r\n \t<li><a href=\"http:\/\/gaq.be\/wp-content\/uploads\/2018\/06\/I520-2018-demande-davis-LIGHT.pdf\">I520 2018 demande d&#8217;avis-LIGHT<\/a><\/li>\r\n \t<li><a href=\"http:\/\/gaq.be\/wp-content\/uploads\/2018\/06\/I520-2018-lettre-de-Telenet-LIGHT.pdf\">I520 2018 lettre de Telenet-LIGHT<\/a><\/li>\r\n \t<li><a href=\"http:\/\/gaq.be\/wp-content\/uploads\/2018\/06\/I520-2018-note-explicative-LIGHT.pdf\">I520 2018 note explicative-LIGHT<\/a><\/li>\r\n \t<li><a href=\"http:\/\/gaq.be\/wp-content\/uploads\/2018\/06\/I520-2018-plans-LIGHT.pdf\">I520 2018 plans-LIGHT<\/a><\/li>\r\n \t<li><a href=\"http:\/\/gaq.be\/wp-content\/uploads\/2018\/06\/I520-2018-procuration-LIGHT.pdf\">I520 2018 procuration-LIGHT<\/a><\/li>\r\n<\/ul>","protected":false},"excerpt":{"rendered":"<p>Demande de PERMIS D&#8217;URBANISME art. 175 PU &#8211; I520\/2018 Aanvraag tot STEDENBOUWKUNDIGE VERGUNNING Le projet suivant est mis \u00e0 l\u2019enqu\u00eate publique. Cet avis ne pr\u00e9juge en rien de la d\u00e9cision [&hellip;]<\/p>\n","protected":false},"author":55,"featured_media":0,"comment_status":"open","ping_status":"closed","sticky":false,"template":"","format":"standard","meta":{"_EventAllDay":false,"_EventTimezone":"","_EventStartDate":"","_EventEndDate":"","_EventStartDateUTC":"","_EventEndDateUTC":"","_EventShowMap":false,"_EventShowMapLink":false,"_EventURL":"","_EventCost":"","_EventCostDescription":"","_EventCurrencySymbol":"","_EventCurrencyCode":"","_EventCurrencyPosition":"","_EventDateTimeSeparator":"","_EventTimeRangeSeparator":"","_EventOrganizerID":[],"_EventVenueID":[],"_OrganizerEmail":"","_OrganizerPhone":"","_OrganizerWebsite":"","_VenueAddress":"","_VenueCity":"","_VenueCountry":"","_VenueProvince":"","_VenueState":"","_VenueZip":"","_VenuePhone":"","_VenueURL":"","_VenueStateProvince":"","_VenueLat":"","_VenueLng":"","_VenueShowMap":false,"_VenueShowMapLink":false,"footnotes":""},"categories":[145,144],"tags":[],"class_list":["post-351","post","type-post","status-publish","format-standard","hentry","category-divers","category-urbanisme"],"_links":{"self":[{"href":"https:\/\/gaq.be\/en\/wp-json\/wp\/v2\/posts\/351","targetHints":{"allow":["GET"]}}],"collection":[{"href":"https:\/\/gaq.be\/en\/wp-json\/wp\/v2\/posts"}],"about":[{"href":"https:\/\/gaq.be\/en\/wp-json\/wp\/v2\/types\/post"}],"author":[{"embeddable":true,"href":"https:\/\/gaq.be\/en\/wp-json\/wp\/v2\/users\/55"}],"replies":[{"embeddable":true,"href":"https:\/\/gaq.be\/en\/wp-json\/wp\/v2\/comments?post=351"}],"version-history":[{"count":4,"href":"https:\/\/gaq.be\/en\/wp-json\/wp\/v2\/posts\/351\/revisions"}],"predecessor-version":[{"id":400,"href":"https:\/\/gaq.be\/en\/wp-json\/wp\/v2\/posts\/351\/revisions\/400"}],"wp:attachment":[{"href":"https:\/\/gaq.be\/en\/wp-json\/wp\/v2\/media?parent=351"}],"wp:term":[{"taxonomy":"category","embeddable":true,"href":"https:\/\/gaq.be\/en\/wp-json\/wp\/v2\/categories?post=351"},{"taxonomy":"post_tag","embeddable":true,"href":"https:\/\/gaq.be\/en\/wp-json\/wp\/v2\/tags?post=351"}],"curies":[{"name":"wp","href":"https:\/\/api.w.org\/{rel}","templated":true}]}}