{"id":553,"date":"2018-08-29T14:04:28","date_gmt":"2018-08-29T12:04:28","guid":{"rendered":"http:\/\/gaq.be\/?p=553"},"modified":"2018-09-06T21:09:02","modified_gmt":"2018-09-06T19:09:02","slug":"rue-de-la-loi-83-85-en-enquete-du-31-aout-au-14-septembre-2018","status":"publish","type":"post","link":"https:\/\/gaq.be\/en\/rue-de-la-loi-83-85-en-enquete-du-31-aout-au-14-septembre-2018\/","title":{"rendered":"rue de la Loi 83-85, en enqu\u00eate du 31 ao\u00fbt au 14 septembre 2018"},"content":{"rendered":"\n<div class=\"wp-block-group has-global-padding is-layout-constrained wp-block-group-is-layout-constrained\" style=\"padding-bottom:var(--wp--preset--spacing--40)\"><div class=\"wp-block-gaq-post-header\">\n    \n        <div class=\"post-header__content\">\n        <p class=\"post-header__date\"><span>Published on<\/span> : 29 Aug 2018        <\/p>\n                        <p class=\"post-header__categories\">\n                                        <span class=\"post__category post__category-icon sector__divers-blue\">\n                            Divers                        <\/span>\n                                            <span class=\"post__category post__category-icon sector__urban-blue\">\n                            Urbanisme                        <\/span>\n                                    <\/p>\n                <\/div>\n<\/div><\/div>\n\nFichiers PDF:\r\n<ul>\r\n \t<li><a href=\"http:\/\/gaq.be\/wp-content\/uploads\/2018\/08\/L-675-2018-demande-avis-college.pdf\">L 675 2018 demande avis college<\/a><\/li>\r\n \t<li><a href=\"http:\/\/gaq.be\/wp-content\/uploads\/2018\/08\/L-675-2018-document-graphique.pdf\">L 675 2018 document graphique<\/a><\/li>\r\n \t<li><a href=\"http:\/\/gaq.be\/wp-content\/uploads\/2018\/08\/L-675-2018-note-explicative.pdf\">L 675 2018 note explicative<\/a><\/li>\r\n \t<li><a href=\"http:\/\/gaq.be\/wp-content\/uploads\/2018\/08\/L-675-2018-peb.pdf\">L 675 2018 peb<\/a><\/li>\r\n \t<li><a href=\"http:\/\/gaq.be\/wp-content\/uploads\/2018\/08\/L-675-2018-photos.pdf\">L 675 2018 photos<\/a><\/li>\r\n \t<li><a href=\"http:\/\/gaq.be\/wp-content\/uploads\/2018\/08\/L-675-2018-Plans-synthese.pdf\">L 675 2018 Plans synthese<\/a><\/li>\r\n \t<li><a href=\"http:\/\/gaq.be\/wp-content\/uploads\/2018\/08\/L-675-2018-schemas-des-surfaces.pdf\">L 675 2018 schemas des surfaces<\/a><\/li>\r\n \t<li><a href=\"http:\/\/gaq.be\/wp-content\/uploads\/2018\/08\/L-675-2018-statistique.pdf\">L 675 2018 statistique<\/a><\/li>\r\n \t<li><a href=\"http:\/\/gaq.be\/wp-content\/uploads\/2018\/08\/L-675-2018-titre-de-propriete.pdf\">L 675 2018 titre de propriete<\/a><\/li>\r\n \t<li><a href=\"http:\/\/gaq.be\/wp-content\/uploads\/2018\/08\/04PUFD661226_AFFEP_18___1015560181.doc\">04PUFD661226_AFFEP_18___1015560181<\/a><\/li>\r\n \t<li><a href=\"http:\/\/gaq.be\/wp-content\/uploads\/2018\/08\/L-675-2018-ARC.pdf\">L 675 2018 ARC<\/a><\/li>\r\n \t<li><a href=\"http:\/\/gaq.be\/wp-content\/uploads\/2018\/08\/L-675-2018-axonometrie.pdf\">L 675 2018 axonometrie<\/a><\/li>\r\n \t<li><a href=\"http:\/\/gaq.be\/wp-content\/uploads\/2018\/08\/L-675-2018-demande-.pdf\">L 675 2018 demande<\/a><\/li>\r\n \t<li><a href=\"http:\/\/gaq.be\/wp-content\/uploads\/2018\/08\/L-675-2018-demande-avis-administratifs.pdf\">L 675 2018 demande avis administratifs<\/a><\/li>\r\n<\/ul>\r\n<table dir=\"LTR\" border=\"1\" width=\"903\" cellspacing=\"0\" cellpadding=\"9\">\r\n<tbody>\r\n<tr>\r\n<td valign=\"TOP\" width=\"33%\" height=\"27\"><span style=\"font-size: small;\">Demande de <\/span>\r\n\r\n<b><\/b><span style=\"font-family: Arial,Arial; font-size: small;\"><b>PERMIS D&#8217;URBANISME <\/b><\/span><\/td>\r\n<td colspan=\"2\" valign=\"TOP\" width=\"33%\" height=\"27\">art.175\r\n\r\n<span style=\"font-family: Arial,Arial; font-size: small;\"><b>PU &#8211; L675\/2018 <\/b><\/span><\/td>\r\n<td valign=\"TOP\" width=\"33%\" height=\"27\">Aanvraag tot\r\n\r\n<b><\/b><span style=\"font-family: Arial,Arial; font-size: small;\"><b>STEDENBOUWKUNDIGE VERGUNNING <\/b><\/span><\/td>\r\n<\/tr>\r\n<tr>\r\n<td colspan=\"2\" valign=\"TOP\" width=\"50%\" height=\"12\"><i><\/i><span style=\"font-family: Arial,Arial; font-size: xx-small;\"><i>Le projet suivant est mis \u00e0 l\u2019enqu\u00eate publique. Cet avis ne pr\u00e9juge en rien de la d\u00e9cision de la Ville sur ledit dossier. <\/i><\/span><\/td>\r\n<td colspan=\"2\" valign=\"TOP\" width=\"50%\" height=\"12\"><i><\/i><span style=\"font-family: Arial,Arial; font-size: xx-small;\"><i>Het volgende project wordt aan openbaar onderzoek onderworpen. Deze kennisgeving houdt geen oordeel in van de Stad aangaande dit dossier. <\/i><\/span><\/td>\r\n<\/tr>\r\n<tr>\r\n<td colspan=\"2\" valign=\"TOP\" width=\"50%\" height=\"7\"><span style=\"font-size: small;\">Adresse du bien : <\/span><b><span style=\"font-family: Arial,Arial; font-size: small;\">Rue de la Loi de 83 \u00e0 85 <\/span><\/b><\/td>\r\n<td colspan=\"2\" valign=\"TOP\" width=\"50%\" height=\"7\"><span style=\"font-size: small;\">Adres van het goed : <\/span><b><span style=\"font-family: Arial,Arial; font-size: small;\">Wetstraat van 83 tot 85 <\/span><\/b><\/td>\r\n<\/tr>\r\n<tr>\r\n<td colspan=\"2\" valign=\"TOP\" width=\"50%\" height=\"7\"><span style=\"font-size: small;\">Identit\u00e9 du demandeur : <\/span><b><span style=\"font-family: Arial,Arial; font-size: small;\">LEX 85 S.A. <\/span><\/b><\/td>\r\n<td colspan=\"2\" valign=\"TOP\" width=\"50%\" height=\"7\"><span style=\"font-size: small;\">Identiteit van de aanvrager : <\/span><b><span style=\"font-family: Arial,Arial; font-size: small;\">LEX 85 S.A. <\/span><\/b><\/td>\r\n<\/tr>\r\n<tr>\r\n<td colspan=\"2\" valign=\"TOP\" width=\"50%\" height=\"53\">Objet de la demande (nature de l\u2019activit\u00e9 principale) :\r\n\r\n<b><\/b><b><span style=\"font-family: Arial,Arial; font-size: small;\">r\u00e9nover les entr\u00e9es, les fa\u00e7ades et les annexes du b\u00e2timent, augmenter le volume du 6<\/span><span style=\"font-family: Arial,Arial; font-size: xx-small;\">\u00e8me <\/span><span style=\"font-family: Arial,Arial; font-size: small;\">et du 7<\/span><span style=\"font-family: Arial,Arial; font-size: xx-small;\">\u00e8me <\/span><span style=\"font-family: Arial,Arial; font-size: small;\">\u00e9tage en fa\u00e7ade avant et modifier la surface commerciale au premier sous-sol <\/span><\/b><\/td>\r\n<td colspan=\"2\" valign=\"TOP\" width=\"50%\" height=\"53\">Onderwerp van de aanvraag (aard van de hoofdactiviteit) :\r\n\r\n<b><\/b><b><span style=\"font-family: Arial,Arial; font-size: small;\">vernieuwen van de ingangen, de gevels en de bijgebouwen van het gebouw, volumetoename van de 6<\/span><span style=\"font-family: Arial,Arial; font-size: xx-small;\">de <\/span><span style=\"font-family: Arial,Arial; font-size: small;\">en de 7<\/span><span style=\"font-family: Arial,Arial; font-size: xx-small;\">de <\/span><span style=\"font-family: Arial,Arial; font-size: small;\">verdieping aan de voorgevel en wijzigen van de handelsoppervlakte op de eerste ondergrondse verdieping <\/span><\/b><\/td>\r\n<\/tr>\r\n<tr>\r\n<td colspan=\"2\" valign=\"TOP\" width=\"50%\" height=\"34\">Zone :\r\n\r\n<i><\/i><span style=\"font-family: Arial,Arial; font-size: small;\"><i>plan r\u00e9gional d\u2019affectation du sol (P.R.A.S.) adopt\u00e9 par A.G.R.B.C. du 03\/05\/2001 : zone administrative, le long d&#8217;un espace structurant <\/i><\/span><\/td>\r\n<td colspan=\"2\" valign=\"TOP\" width=\"50%\" height=\"34\">Gebied :\r\n\r\n<i><\/i><span style=\"font-family: Arial,Arial; font-size: small;\"><i>gewestelijk bestemmingsplan (G.B.P) aangenomen bij B.B.H.R. van 03\/05\/2001<\/i><\/span><span style=\"font-size: small;\">: administratiegebied, langs een structurerende ruimte <\/span><\/td>\r\n<\/tr>\r\n<tr>\r\n<td colspan=\"2\" valign=\"TOP\" width=\"50%\" height=\"79\">Motifs principaux de l&#8217;enqu\u00eate :\r\n\r\nr\u00e8glement r\u00e9gional d&#8217;urbanisme zon\u00e9 &#8220;Rue de la Loi et ses abords&#8221; (RRUZ)\r\n\r\napplication de la prescription g\u00e9n\u00e9rale 0.6. du PRAS (actes et travaux portant atteinte aux int\u00e9rieurs d&#8217;\u00eelots)\r\n\r\n<span style=\"font-size: small;\">application de la prescription particuli\u00e8re 7.4. du PRAS (modifications des caract\u00e9ristiques urbanistiques des constructions et installations s&#8217;accordant avec celles du cadre urbain environnant) <\/span><\/td>\r\n<td colspan=\"2\" valign=\"TOP\" width=\"50%\" height=\"79\">Hoofdmotieven van het onderzoek :\r\n\r\nzonale gewestelijke stedenbouwkundige verordening &#8220;Wetstraat en haar omgeving&#8221; (ZGSV)\r\n\r\ntoepassing van het algemeen voorschrift 0.6. van het GBP (handelingen en werken die het binnenterrein van huizenblokken aantasten)\r\n\r\n<span style=\"font-size: small;\">toepassing van het bijzonder voorschrift 7.4. van het GBP (wijzigingen van het stedenbouwkundig karakter van de bouwwerken) <\/span><\/td>\r\n<\/tr>\r\n<tr>\r\n<td colspan=\"2\" valign=\"TOP\" width=\"50%\" height=\"71\"><span style=\"font-size: small;\">L\u2019enqu\u00eate publique se d\u00e9roule <\/span><b><span style=\"font-family: Arial,Arial; font-size: small;\">du 31\/08\/2018 au 14\/09\/2018 <\/span><\/b>\r\n\r\n&nbsp;<\/td>\r\n<td colspan=\"2\" valign=\"TOP\" width=\"50%\" height=\"71\"><span style=\"font-size: small;\">Het openbaar onderzoek vindt plaats <\/span><b><span style=\"font-family: Arial,Arial; font-size: small;\">van 31\/08\/2018 tot 14\/09\/2018 <\/span><\/b>\r\n\r\n&nbsp;<\/td>\r\n<\/tr>\r\n<tr>\r\n<td colspan=\"2\" valign=\"TOP\" width=\"50%\" height=\"125\"><\/td>\r\n<td colspan=\"2\" valign=\"TOP\" width=\"50%\" height=\"125\"><\/td>\r\n<\/tr>\r\n<tr>\r\n<td colspan=\"2\" valign=\"TOP\" width=\"50%\" height=\"107\"><b><\/b><span style=\"font-family: Arial,Arial; font-size: small;\"><b>La r\u00e9union de la Commission de concertation est fix\u00e9e au mardi 25 septembre 2018 <\/b><\/span><span style=\"font-size: small;\">au Centre Administratif de la Ville de Bruxelles, bd. Anspach, 6 &#8211; 1000 Bruxelles (t\u00e9l.02.279.29.29) \u00e0 une heure qui reste \u00e0 fixer. <\/span>\r\n\r\n&nbsp;<\/td>\r\n<td colspan=\"2\" valign=\"TOP\" width=\"50%\" height=\"107\"><b><span style=\"font-family: Arial,Arial; font-size: small;\">De vergadering van de Overlegcommissie vindt plaats op dinsdag 25 september 2018 <\/span><\/b><span style=\"font-size: small;\">in het Administratief Centrum van de Stad Brussel, Anspachlaan, 6 &#8211; 1000 Brussel (tel. 02.279.29.29) op een nog nader te bepalen tijdstip. <\/span><\/td>\r\n<\/tr>\r\n<\/tbody>\r\n<\/table>","protected":false},"excerpt":{"rendered":"<p>Fichiers PDF: L 675 2018 demande avis college L 675 2018 document graphique L 675 2018 note explicative L 675 2018 peb L 675 2018 photos L 675 2018 Plans [&hellip;]<\/p>\n","protected":false},"author":55,"featured_media":0,"comment_status":"open","ping_status":"closed","sticky":false,"template":"","format":"standard","meta":{"_EventAllDay":false,"_EventTimezone":"","_EventStartDate":"","_EventEndDate":"","_EventStartDateUTC":"","_EventEndDateUTC":"","_EventShowMap":false,"_EventShowMapLink":false,"_EventURL":"","_EventCost":"","_EventCostDescription":"","_EventCurrencySymbol":"","_EventCurrencyCode":"","_EventCurrencyPosition":"","_EventDateTimeSeparator":"","_EventTimeRangeSeparator":"","_EventOrganizerID":[],"_EventVenueID":[],"_OrganizerEmail":"","_OrganizerPhone":"","_OrganizerWebsite":"","_VenueAddress":"","_VenueCity":"","_VenueCountry":"","_VenueProvince":"","_VenueState":"","_VenueZip":"","_VenuePhone":"","_VenueURL":"","_VenueStateProvince":"","_VenueLat":"","_VenueLng":"","_VenueShowMap":false,"_VenueShowMapLink":false,"footnotes":""},"categories":[145,144],"tags":[],"class_list":["post-553","post","type-post","status-publish","format-standard","hentry","category-divers","category-urbanisme"],"_links":{"self":[{"href":"https:\/\/gaq.be\/en\/wp-json\/wp\/v2\/posts\/553","targetHints":{"allow":["GET"]}}],"collection":[{"href":"https:\/\/gaq.be\/en\/wp-json\/wp\/v2\/posts"}],"about":[{"href":"https:\/\/gaq.be\/en\/wp-json\/wp\/v2\/types\/post"}],"author":[{"embeddable":true,"href":"https:\/\/gaq.be\/en\/wp-json\/wp\/v2\/users\/55"}],"replies":[{"embeddable":true,"href":"https:\/\/gaq.be\/en\/wp-json\/wp\/v2\/comments?post=553"}],"version-history":[{"count":4,"href":"https:\/\/gaq.be\/en\/wp-json\/wp\/v2\/posts\/553\/revisions"}],"predecessor-version":[{"id":671,"href":"https:\/\/gaq.be\/en\/wp-json\/wp\/v2\/posts\/553\/revisions\/671"}],"wp:attachment":[{"href":"https:\/\/gaq.be\/en\/wp-json\/wp\/v2\/media?parent=553"}],"wp:term":[{"taxonomy":"category","embeddable":true,"href":"https:\/\/gaq.be\/en\/wp-json\/wp\/v2\/categories?post=553"},{"taxonomy":"post_tag","embeddable":true,"href":"https:\/\/gaq.be\/en\/wp-json\/wp\/v2\/tags?post=553"}],"curies":[{"name":"wp","href":"https:\/\/api.w.org\/{rel}","templated":true}]}}