{"id":559,"date":"2018-08-29T14:12:17","date_gmt":"2018-08-29T12:12:17","guid":{"rendered":"http:\/\/gaq.be\/?p=559"},"modified":"2018-09-06T21:02:34","modified_gmt":"2018-09-06T19:02:34","slug":"rue-de-gravelines-29-31-en-enquete-du-31-aout-au-14-septembre","status":"publish","type":"post","link":"https:\/\/gaq.be\/en\/rue-de-gravelines-29-31-en-enquete-du-31-aout-au-14-septembre\/","title":{"rendered":"rue de Gravelines 29-31, en enqu\u00eate du 31 ao\u00fbt au 14 septembre"},"content":{"rendered":"\n<div class=\"wp-block-group has-global-padding is-layout-constrained wp-block-group-is-layout-constrained\" style=\"padding-bottom:var(--wp--preset--spacing--40)\"><div class=\"wp-block-gaq-post-header\">\n    \n        <div class=\"post-header__content\">\n        <p class=\"post-header__date\"><span>Published on<\/span> : 29 Aug 2018        <\/p>\n                        <p class=\"post-header__categories\">\n                                        <span class=\"post__category post__category-icon sector__divers-blue\">\n                            Divers                        <\/span>\n                                            <span class=\"post__category post__category-icon sector__urban-blue\">\n                            Urbanisme                        <\/span>\n                                    <\/p>\n                <\/div>\n<\/div><\/div>\n\nLes fichiers PDF:\r\n<ul>\r\n \t<li><a href=\"http:\/\/gaq.be\/wp-content\/uploads\/2018\/08\/277G2018_statistique20180321_14072130.pdf\">277G2018_statistique20180321_14072130<\/a><\/li>\r\n \t<li><a href=\"http:\/\/gaq.be\/wp-content\/uploads\/2018\/08\/277G2018_synthese20180321_14200946.pdf\">277G2018_synthese20180321_14200946<\/a> <a href=\"http:\/\/gaq.be\/wp-content\/uploads\/2018\/08\/277G2018_tableau_superficies_plancher20180321_14261564.pdf\">277G2018_tableau_superficies_plancher20180321_14261564<\/a><\/li>\r\n \t<li><a href=\"http:\/\/gaq.be\/wp-content\/uploads\/2018\/08\/G277-2018-Avis-siamu.pdf\">G277 2018 Avis siamu<\/a><\/li>\r\n \t<li><a href=\"http:\/\/gaq.be\/wp-content\/uploads\/2018\/08\/G277-2018-photos-a\u251c\u00aerienne-20180615.docx\">G277 2018 photos a\u251c\u00aerienne 20180615<\/a><\/li>\r\n \t<li><a href=\"http:\/\/gaq.be\/wp-content\/uploads\/2018\/08\/04PU673730_AFFEP_09___978916972.doc\">04PU673730_AFFEP_09___978916972<\/a><\/li>\r\n \t<li><a href=\"http:\/\/gaq.be\/wp-content\/uploads\/2018\/08\/277G2018_annexe120180321_14114070.pdf\">277G2018_annexe120180321_14114070<\/a><\/li>\r\n \t<li><a href=\"http:\/\/gaq.be\/wp-content\/uploads\/2018\/08\/277G2018_annexe220180321_14093132.pdf\">277G2018_annexe220180321_14093132<\/a><\/li>\r\n \t<li><a href=\"http:\/\/gaq.be\/wp-content\/uploads\/2018\/08\/277G2018_attestation_vente20180321_14102564.pdf\">277G2018_attestation_vente20180321_14102564<\/a> <a href=\"http:\/\/gaq.be\/wp-content\/uploads\/2018\/08\/277G2018_note_explicative20180321_14131523.pdf\">277G2018_note_explicative20180321_14131523<\/a><\/li>\r\n \t<li><a href=\"http:\/\/gaq.be\/wp-content\/uploads\/2018\/08\/277G2018_peb20180321_14084016.pdf\">277G2018_peb20180321_14084016<\/a><\/li>\r\n \t<li><a href=\"http:\/\/gaq.be\/wp-content\/uploads\/2018\/08\/277G2018_photo20180321_14152086.pdf\">277G2018_photo20180321_14152086<\/a><\/li>\r\n<\/ul>\r\n<table dir=\"LTR\" border=\"1\" width=\"903\" cellspacing=\"0\" cellpadding=\"9\">\r\n<tbody>\r\n<tr>\r\n<td valign=\"TOP\" width=\"33%\" height=\"27\"><span style=\"font-size: small;\">Demande de <\/span>\r\n\r\n<b><\/b><span style=\"font-family: Arial,Arial; font-size: small;\"><b>PERMIS D&#8217;URBANISME <\/b><\/span><\/td>\r\n<td colspan=\"2\" valign=\"TOP\" width=\"33%\" height=\"27\"><b><\/b><span style=\"font-family: Arial,Arial; font-size: medium;\"><b>PU &#8211; G277\/2018 <\/b><\/span><\/td>\r\n<td valign=\"TOP\" width=\"33%\" height=\"27\">Aanvraag tot\r\n\r\n<b><\/b><span style=\"font-family: Arial,Arial; font-size: small;\"><b>STEDENBOUWKUNDIGE VERGUNNING <\/b><\/span><\/td>\r\n<\/tr>\r\n<tr>\r\n<td colspan=\"2\" valign=\"TOP\" width=\"50%\" height=\"12\"><i><\/i><span style=\"font-family: Arial,Arial; font-size: xx-small;\"><i>Le projet suivant est mis \u00e0 l\u2019enqu\u00eate publique. Cet avis ne pr\u00e9juge en rien de la d\u00e9cision de la Ville sur ledit dossier. <\/i><\/span><\/td>\r\n<td colspan=\"2\" valign=\"TOP\" width=\"50%\" height=\"12\"><i><\/i><span style=\"font-family: Arial,Arial; font-size: xx-small;\"><i>Het volgende project wordt aan openbaar onderzoek onderworpen. Deze kennisgeving houdt geen oordeel in van de Stad aangaande dit dossier. <\/i><\/span><\/td>\r\n<\/tr>\r\n<tr>\r\n<td colspan=\"2\" valign=\"TOP\" width=\"50%\" height=\"19\"><span style=\"font-size: small;\">Adresse du bien : <\/span><b><span style=\"font-family: Arial,Arial; font-size: small;\">Rue de Gravelines 29-31 <\/span><\/b>\r\n\r\n<b> <\/b><span style=\"font-size: small;\">Parcelle cadastrale : <\/span><b><span style=\"font-family: Arial,Arial; font-size: small;\">21805\/F\/99\/L\/4 <\/span><\/b><\/td>\r\n<td colspan=\"2\" valign=\"TOP\" width=\"50%\" height=\"19\"><span style=\"font-size: small;\">Adres van het goed : <\/span><b><span style=\"font-family: Arial,Arial; font-size: small;\">Grevelingenstraat 29-31 <\/span><\/b>\r\n\r\n<b> <\/b><span style=\"font-size: small;\">Kadastraal perceel : <\/span><b><span style=\"font-family: Arial,Arial; font-size: small;\">21805\/F\/99\/L\/4 <\/span><\/b><\/td>\r\n<\/tr>\r\n<tr>\r\n<td colspan=\"2\" valign=\"TOP\" width=\"50%\" height=\"7\"><span style=\"font-size: small;\">Identit\u00e9 du demandeur : <\/span><b><span style=\"font-family: Arial,Arial; font-size: small;\">Famille FORTEMPS &#8211; PETRY <\/span><\/b><\/td>\r\n<td colspan=\"2\" valign=\"TOP\" width=\"50%\" height=\"7\"><span style=\"font-size: small;\">Identiteit van de aanvrager : <\/span><b><span style=\"font-family: Arial,Arial; font-size: small;\">Familie FORTEMPS &#8211; PETRY <\/span><\/b><\/td>\r\n<\/tr>\r\n<tr>\r\n<td colspan=\"2\" valign=\"TOP\" width=\"50%\" height=\"100\">Objet de la demande (nature de l\u2019activit\u00e9 principale) :\r\n\r\ndiviser une maison unifamiliale avec rez-de-chauss\u00e9e commercial en 2 logements (1 studio et 1 duplex 2 chambres) avec maintien du commerce au rez-de-chauss\u00e9e ;\r\n\r\n<span style=\"font-family: Arial,Arial; font-size: small;\">d\u00e9molition des annexes au rez-de-chauss\u00e9e et au 1<\/span><span style=\"font-family: Arial,Arial; font-size: xx-small;\">er <\/span><span style=\"font-family: Arial,Arial; font-size: small;\">\u00e9tage ; <\/span>\r\n\r\nremplacer l&#8217;ensemble des menuiseries en pvc blanc par des menuiseries en bois peints en gris clair ;\r\n\r\n<span style=\"font-family: Arial,Arial; font-size: small;\"><b>construire une lucarne dans le pan avant et dans le pan arri\u00e8re de la toiture <\/b><\/span><\/td>\r\n<td colspan=\"2\" valign=\"TOP\" width=\"50%\" height=\"100\">Onderwerp van de aanvraag (aard van de hoofdactiviteit) :\r\n\r\nindelen van een \u00e9\u00e9ngezinswoning met handelsgelijkvloers in 2 woongelegenheden (1 studio en 1 duplex 2 kamers) met behoud van het handelsgelijkvloers;\r\n\r\n<span style=\"font-family: Arial,Arial; font-size: small;\">afbraak van de bijgebouwen op het gelijkvloers en op de 1<\/span><span style=\"font-family: Arial,Arial; font-size: xx-small;\">ste <\/span><span style=\"font-family: Arial,Arial; font-size: small;\">verdieping; <\/span>\r\n\r\nvervangen van het schrijnwerk in wit PVC door houten schrijnwerk lichtgrijs geverfd;\r\n\r\n<span style=\"font-family: Arial,Arial; font-size: small;\"><b>bouwen van een dakkapel in de voorste helling en in de achterste helling van het dak <\/b><\/span><\/td>\r\n<\/tr>\r\n<tr>\r\n<td colspan=\"2\" valign=\"TOP\" width=\"50%\" height=\"41\">Zone :\r\n\r\n<i><\/i><span style=\"font-family: Arial,Arial; font-size: xx-small;\"><i>plan r\u00e9gional d\u2019affectation du sol (P.R.A.S.) adopt\u00e9 par A.G.R.B.C. du 03\/05\/2001 : zone d&#8217;habitation \u00e0 pr\u00e9dominance r\u00e9sidentielle, en zone d&#8217;int\u00e9r\u00eat culturel, historique, esth\u00e9tique ou d&#8217;embellissement <\/i><\/span><\/td>\r\n<td colspan=\"2\" valign=\"TOP\" width=\"50%\" height=\"41\">Gebied :\r\n\r\n<i><\/i><span style=\"font-family: Arial,Arial; font-size: xx-small;\"><i>gewestelijk bestemmingsplan (G.B.P) aangenomen bij B.B.H.R. van 03\/05\/2001<\/i><\/span><span style=\"font-size: xx-small;\">: woongebied met residentieel karakter, in een gebied van culturele, historische, esthetische waarde of voor stadsverfraaiing <\/span><\/td>\r\n<\/tr>\r\n<tr>\r\n<td colspan=\"2\" valign=\"TOP\" width=\"50%\" height=\"32\">Motifs principaux de l&#8217;enqu\u00eate :\r\n\r\n<span style=\"font-size: xx-small;\">d\u00e9rogation \u00e0 l&#8217;article 24. du r\u00e8glement g\u00e9n\u00e9ral sur la b\u00e2tisse des quartiers entourant les squares&#8230; (\u00e9clairement des locaux sous toiture) <\/span><\/td>\r\n<td colspan=\"2\" valign=\"TOP\" width=\"50%\" height=\"32\">Hoofdmotieven van het onderzoek :\r\n\r\n<span style=\"font-size: xx-small;\">afwijking op artikel 24. van de Algemene bouwverordening voor de wijken rond de squares&#8230; (verlichting van de vertrekken onder het dak) <\/span><\/td>\r\n<\/tr>\r\n<tr>\r\n<td colspan=\"2\" valign=\"TOP\" width=\"50%\" height=\"71\"><span style=\"font-size: small;\">L\u2019enqu\u00eate publique se d\u00e9roule <\/span><b><span style=\"font-family: Arial,Arial; font-size: small;\">du 25\/08\/2018 au 08\/09\/2018 <\/span><\/b>\r\n\r\n<b> <\/b><\/td>\r\n<td colspan=\"2\" valign=\"TOP\" width=\"50%\" height=\"71\"><span style=\"font-size: small;\">Het openbaar onderzoek vindt plaats <\/span><b><span style=\"font-family: Arial,Arial; font-size: small;\">van 25\/08\/2018 tot 08\/09\/2018 <\/span><\/b>\r\n\r\n<b> <\/b><\/td>\r\n<\/tr>\r\n<tr>\r\n<td colspan=\"2\" valign=\"TOP\" width=\"50%\" height=\"119\"><\/td>\r\n<td colspan=\"2\" valign=\"TOP\" width=\"50%\" height=\"119\"><\/td>\r\n<\/tr>\r\n<tr>\r\n<td colspan=\"2\" valign=\"TOP\" width=\"50%\" height=\"107\"><b><\/b><span style=\"font-family: Arial,Arial; font-size: small;\"><b>La r\u00e9union de la Commission de concertation est fix\u00e9e au mardi 18 septembre 2018 <\/b><\/span><span style=\"font-size: small;\">au Centre Administratif de la Ville de Bruxelles, bd. Anspach, 6 &#8211; 1000 Bruxelles (t\u00e9l.02.279.29.29) \u00e0 une heure qui reste \u00e0 fixer. <\/span>\r\n\r\n&nbsp;<\/td>\r\n<td colspan=\"2\" valign=\"TOP\" width=\"50%\" height=\"107\"><b><span style=\"font-family: Arial,Arial; font-size: small;\">De vergadering van de Overlegcommissie vindt plaats op dinsdag 18 september 2018 <\/span><\/b><span style=\"font-size: small;\">in het Administratief Centrum van de Stad Brussel, Anspachlaan, 6 &#8211; 1000 Brussel (tel. 02.279.29.29) op een nog nader te bepalen tijdstip. <\/span><\/td>\r\n<\/tr>\r\n<\/tbody>\r\n<\/table>","protected":false},"excerpt":{"rendered":"<p>Les fichiers PDF: 277G2018_statistique20180321_14072130 277G2018_synthese20180321_14200946 277G2018_tableau_superficies_plancher20180321_14261564 G277 2018 Avis siamu G277 2018 photos a\u251c\u00aerienne 20180615 04PU673730_AFFEP_09___978916972 277G2018_annexe120180321_14114070 277G2018_annexe220180321_14093132 277G2018_attestation_vente20180321_14102564 277G2018_note_explicative20180321_14131523 277G2018_peb20180321_14084016 277G2018_photo20180321_14152086 Demande de PERMIS D&#8217;URBANISME PU &#8211; G277\/2018 Aanvraag [&hellip;]<\/p>\n","protected":false},"author":55,"featured_media":0,"comment_status":"open","ping_status":"closed","sticky":false,"template":"","format":"standard","meta":{"_EventAllDay":false,"_EventTimezone":"","_EventStartDate":"","_EventEndDate":"","_EventStartDateUTC":"","_EventEndDateUTC":"","_EventShowMap":false,"_EventShowMapLink":false,"_EventURL":"","_EventCost":"","_EventCostDescription":"","_EventCurrencySymbol":"","_EventCurrencyCode":"","_EventCurrencyPosition":"","_EventDateTimeSeparator":"","_EventTimeRangeSeparator":"","_EventOrganizerID":[],"_EventVenueID":[],"_OrganizerEmail":"","_OrganizerPhone":"","_OrganizerWebsite":"","_VenueAddress":"","_VenueCity":"","_VenueCountry":"","_VenueProvince":"","_VenueState":"","_VenueZip":"","_VenuePhone":"","_VenueURL":"","_VenueStateProvince":"","_VenueLat":"","_VenueLng":"","_VenueShowMap":false,"_VenueShowMapLink":false,"footnotes":""},"categories":[145,144],"tags":[],"class_list":["post-559","post","type-post","status-publish","format-standard","hentry","category-divers","category-urbanisme"],"_links":{"self":[{"href":"https:\/\/gaq.be\/en\/wp-json\/wp\/v2\/posts\/559","targetHints":{"allow":["GET"]}}],"collection":[{"href":"https:\/\/gaq.be\/en\/wp-json\/wp\/v2\/posts"}],"about":[{"href":"https:\/\/gaq.be\/en\/wp-json\/wp\/v2\/types\/post"}],"author":[{"embeddable":true,"href":"https:\/\/gaq.be\/en\/wp-json\/wp\/v2\/users\/55"}],"replies":[{"embeddable":true,"href":"https:\/\/gaq.be\/en\/wp-json\/wp\/v2\/comments?post=559"}],"version-history":[{"count":3,"href":"https:\/\/gaq.be\/en\/wp-json\/wp\/v2\/posts\/559\/revisions"}],"predecessor-version":[{"id":627,"href":"https:\/\/gaq.be\/en\/wp-json\/wp\/v2\/posts\/559\/revisions\/627"}],"wp:attachment":[{"href":"https:\/\/gaq.be\/en\/wp-json\/wp\/v2\/media?parent=559"}],"wp:term":[{"taxonomy":"category","embeddable":true,"href":"https:\/\/gaq.be\/en\/wp-json\/wp\/v2\/categories?post=559"},{"taxonomy":"post_tag","embeddable":true,"href":"https:\/\/gaq.be\/en\/wp-json\/wp\/v2\/tags?post=559"}],"curies":[{"name":"wp","href":"https:\/\/api.w.org\/{rel}","templated":true}]}}