{"id":703,"date":"2018-09-12T13:32:56","date_gmt":"2018-09-12T11:32:56","guid":{"rendered":"http:\/\/gaq.be\/?p=703"},"modified":"2018-10-12T14:12:59","modified_gmt":"2018-10-12T12:12:59","slug":"bd-clovis-2-a-85-en-enquete-du-13-septembre-au-12-octobre-2018","status":"publish","type":"post","link":"https:\/\/gaq.be\/en\/bd-clovis-2-a-85-en-enquete-du-13-septembre-au-12-octobre-2018\/","title":{"rendered":"Bd Clovis 2 \u00e0 85, enqu\u00eate du 13 septembre au 12 octobre 2018"},"content":{"rendered":"\n<div class=\"wp-block-group has-global-padding is-layout-constrained wp-block-group-is-layout-constrained\" style=\"padding-bottom:var(--wp--preset--spacing--40)\"><div class=\"wp-block-gaq-post-header\">\n    \n        <div class=\"post-header__content\">\n        <p class=\"post-header__date\"><span>Published on<\/span> : 12 Sep 2018        <\/p>\n                        <p class=\"post-header__categories\">\n                                        <span class=\"post__category post__category-icon sector__divers-blue\">\n                            Divers                        <\/span>\n                                            <span class=\"post__category post__category-icon sector__urban-blue\">\n                            Urbanisme                        <\/span>\n                                    <\/p>\n                <\/div>\n<\/div><\/div>\n\n\n<p>Lettre du GAQ \u00e0 la Commission de concertation: <\/p>\n\n\n\n<div class=\"wp-block-file\"><a href=\"http:\/\/gaq.be\/wp-content\/uploads\/2018\/10\/2018-10-12-Enquete-bd-Clovis-2-85.pdf\">2018-10-12 Enquete bd Clovis 2 &#8211; 85<\/a><a href=\"http:\/\/gaq.be\/wp-content\/uploads\/2018\/10\/2018-10-12-Enquete-bd-Clovis-2-85.pdf\" class=\"wp-block-file__button\" download=\"2018-10-12 Enquete bd Clovis 2 - 85\">Download<\/a><\/div>\n\n\n\n<p><br\/><\/p>\n\n\n<table dir=\"LTR\" border=\"1\" width=\"902\" cellspacing=\"0\" cellpadding=\"9\">\n<tbody>\n<tr>\n<td valign=\"TOP\" width=\"33%\" height=\"29\"><span style=\"font-size: small;\">Demande de <\/span>\n<p>\u00a0<\/p>\n<p><b><\/b><span style=\"font-family: Arial,Arial; font-size: small;\"><b>PERMIS D&#8217;URBANISME <\/b><\/span><\/p>\n<\/td>\n<td colspan=\"2\" valign=\"TOP\" width=\"33%\" height=\"29\">art.175\n<p>\u00a0<\/p>\n<p><span style=\"font-family: Arial,Arial; font-size: medium;\"><b>PU &#8211; C805\/2018 <\/b><\/span><\/p>\n<\/td>\n<td valign=\"TOP\" width=\"33%\" height=\"29\">Aanvraag tot\n<p>\u00a0<\/p>\n<p><b><\/b><span style=\"font-family: Arial,Arial; font-size: small;\"><b>STEDENBOUWKUNDIGE VERGUNNING <\/b><\/span><\/p>\n<\/td>\n<\/tr>\n<tr>\n<td colspan=\"2\" valign=\"TOP\" width=\"50%\" height=\"12\"><i><\/i><span style=\"font-family: Arial,Arial; font-size: xx-small;\"><i>Le projet suivant est mis \u00e0 l\u2019enqu\u00eate publique. Cet avis ne pr\u00e9juge en rien de la d\u00e9cision de la Ville sur ledit dossier. <\/i><\/span><\/td>\n<td colspan=\"2\" valign=\"TOP\" width=\"50%\" height=\"12\"><i><\/i><span style=\"font-family: Arial,Arial; font-size: xx-small;\"><i>Het volgende project wordt aan openbaar onderzoek onderworpen. Deze kennisgeving houdt geen oordeel in van de Stad aangaande dit dossier. <\/i><\/span><\/td>\n<\/tr>\n<tr>\n<td colspan=\"2\" valign=\"TOP\" width=\"50%\" height=\"7\"><span style=\"font-size: small;\">Adresse du bien : <\/span><b><span style=\"font-family: Arial,Arial; font-size: small;\">Boulevard Clovis de 2 \u00e0 85 <\/span><\/b><\/td>\n<td colspan=\"2\" valign=\"TOP\" width=\"50%\" height=\"7\"><span style=\"font-size: small;\">Adres van het goed : <\/span><b><span style=\"font-family: Arial,Arial; font-size: small;\">Clovislaan van 2 tot 85 <\/span><\/b><\/td>\n<\/tr>\n<tr>\n<td colspan=\"2\" valign=\"TOP\" width=\"50%\" height=\"7\"><span style=\"font-size: small;\">Identit\u00e9 du demandeur : <\/span><b><span style=\"font-family: Arial,Arial; font-size: small;\">Infrabel S.A. <\/span><\/b><\/td>\n<td colspan=\"2\" valign=\"TOP\" width=\"50%\" height=\"7\"><span style=\"font-size: small;\">Identiteit van de aanvrager : <\/span><b><span style=\"font-family: Arial,Arial; font-size: small;\">Infrabel S.A. <\/span><\/b><\/td>\n<\/tr>\n<tr>\n<td colspan=\"2\" valign=\"TOP\" width=\"50%\" height=\"36\">Objet de la demande (nature de l\u2019activit\u00e9 principale) :\n<p>\u00a0<\/p>\n<p><b><\/b><span style=\"font-family: Arial,Arial; font-size: small;\"><b>renouveler les tabliers et r\u00e9aliser deux sorties de secours <\/b><\/span><\/p>\n<\/td>\n<td colspan=\"2\" valign=\"TOP\" width=\"50%\" height=\"36\">Onderwerp van de aanvraag (aard van de hoofdactiviteit) :\n<p>\u00a0<\/p>\n<p><b><\/b><span style=\"font-family: Arial,Arial; font-size: small;\"><b>vernieuwen van de brugdekken en realiseren van twee nooduitgangen <\/b><\/span><\/p>\n<\/td>\n<\/tr>\n<tr>\n<td colspan=\"2\" valign=\"TOP\" width=\"50%\" height=\"46\">Zone :\n<p>\u00a0<\/p>\n<p><i><\/i><span style=\"font-family: Arial,Arial; font-size: small;\"><i>plan r\u00e9gional d\u2019affectation du sol (P.R.A.S.) adopt\u00e9 par A.G.R.B.C. du 03\/05\/2001 : , en zone d&#8217;int\u00e9r\u00eat culturel, historique, esth\u00e9tique ou d&#8217;embellissement, le long d&#8217;un espace structurant <\/i><\/span><\/p>\n<\/td>\n<td colspan=\"2\" valign=\"TOP\" width=\"50%\" height=\"46\">Gebied :\n<p>\u00a0<\/p>\n<p><i><\/i><span style=\"font-family: Arial,Arial; font-size: small;\"><i>gewestelijk bestemmingsplan (G.B.P) aangenomen bij B.B.H.R. van 03\/05\/2001<\/i><\/span><span style=\"font-size: small;\">: , in een gebied van culturele, historische, esthetische waarde of voor stadsverfraaiing, langs een structurerende ruimte <\/span><\/p>\n<\/td>\n<\/tr>\n<tr>\n<td colspan=\"2\" valign=\"TOP\" width=\"50%\" height=\"46\">Motifs principaux de l&#8217;enqu\u00eate :\n<p>\u00a0<\/p>\n<p><span style=\"font-size: small;\">application de la prescription particuli\u00e8re 25.1. du PRAS (actes et travaux ayant pour objet la cr\u00e9ation ou la modification de l&#8217;am\u00e9nagement des voiries et itin\u00e9raires des transports en commun) <\/span><\/p>\n<\/td>\n<td colspan=\"2\" valign=\"TOP\" width=\"50%\" height=\"46\">Hoofdmotieven van het onderzoek :\n<p>\u00a0<\/p>\n<p><span style=\"font-size: small;\">toepassing van het bijzonder voorschrift 25.1. van het GBP (handelingen en werken voor de aanleg of de wijziging van de inrichtingen van wegen en lijnen van het openbaar vervoer) <\/span><\/p>\n<\/td>\n<\/tr>\n<tr>\n<td colspan=\"2\" valign=\"TOP\" width=\"50%\" height=\"75\"><span style=\"font-size: small;\">L\u2019enqu\u00eate publique se d\u00e9roule <\/span><b><span style=\"font-family: Arial,Arial; font-size: small;\">du 13\/09\/2018 au 12\/10\/2018 <\/span><\/b>\n<p>\u00a0<\/p>\n<p><b> <\/b>\u00a0<\/p>\n<\/td>\n<td colspan=\"2\" valign=\"TOP\" width=\"50%\" height=\"75\"><span style=\"font-size: small;\">Het openbaar onderzoek vindt plaats <\/span><b><span style=\"font-family: Arial,Arial; font-size: small;\">van 13\/09\/2018 tot 12\/10\/2018 <\/span><\/b>\n<p>\u00a0<\/p>\n<p><b> <\/b>\u00a0<\/p>\n<\/td>\n<\/tr>\n<tr>\n<td colspan=\"2\" valign=\"TOP\" width=\"50%\" height=\"132\">\u00a0<\/td>\n<td colspan=\"2\" valign=\"TOP\" width=\"50%\" height=\"132\">\u00a0<\/td>\n<\/tr>\n<tr>\n<td colspan=\"2\" valign=\"TOP\" width=\"50%\" height=\"113\"><b><\/b><span style=\"font-family: Arial,Arial; font-size: small;\"><b>La r\u00e9union de la Commission de concertation est fix\u00e9e au mercredi 24 octobre 2018 <\/b><\/span><span style=\"font-size: small;\">au Centre Administratif de la Ville de Bruxelles, bd. Anspach, 6 &#8211; 1000 Bruxelles (t\u00e9l.02.279.29.29) \u00e0 une heure qui reste \u00e0 fixer. <\/span>\n<p>\u00a0<\/p>\n<p>\u00a0<\/p>\n<\/td>\n<td colspan=\"2\" valign=\"TOP\" width=\"50%\" height=\"113\"><b><span style=\"font-family: Arial,Arial; font-size: small;\">De vergadering van de Overlegcommissie vindt plaats op woensdag 24 oktober 2018 <\/span><\/b><span style=\"font-size: small;\">in het Administratief Centrum van de Stad Brussel, Anspachlaan, 6 &#8211; 1000 Brussel (tel. 02.279.29.29) op een nog nader te bepalen tijdstip. <\/span><\/td>\n<\/tr>\n<\/tbody>\n<\/table>","protected":false},"excerpt":{"rendered":"<p>Lettre du GAQ \u00e0 la Commission de concertation: Demande de \u00a0 PERMIS D&#8217;URBANISME art.175 \u00a0 PU &#8211; C805\/2018 Aanvraag tot \u00a0 STEDENBOUWKUNDIGE VERGUNNING Le projet suivant est mis \u00e0 l\u2019enqu\u00eate [&hellip;]<\/p>\n","protected":false},"author":55,"featured_media":0,"comment_status":"open","ping_status":"closed","sticky":false,"template":"","format":"standard","meta":{"_EventAllDay":false,"_EventTimezone":"","_EventStartDate":"","_EventEndDate":"","_EventStartDateUTC":"","_EventEndDateUTC":"","_EventShowMap":false,"_EventShowMapLink":false,"_EventURL":"","_EventCost":"","_EventCostDescription":"","_EventCurrencySymbol":"","_EventCurrencyCode":"","_EventCurrencyPosition":"","_EventDateTimeSeparator":"","_EventTimeRangeSeparator":"","_EventOrganizerID":[],"_EventVenueID":[],"_OrganizerEmail":"","_OrganizerPhone":"","_OrganizerWebsite":"","_VenueAddress":"","_VenueCity":"","_VenueCountry":"","_VenueProvince":"","_VenueState":"","_VenueZip":"","_VenuePhone":"","_VenueURL":"","_VenueStateProvince":"","_VenueLat":"","_VenueLng":"","_VenueShowMap":false,"_VenueShowMapLink":false,"footnotes":""},"categories":[145,144],"tags":[],"class_list":["post-703","post","type-post","status-publish","format-standard","hentry","category-divers","category-urbanisme"],"_links":{"self":[{"href":"https:\/\/gaq.be\/en\/wp-json\/wp\/v2\/posts\/703","targetHints":{"allow":["GET"]}}],"collection":[{"href":"https:\/\/gaq.be\/en\/wp-json\/wp\/v2\/posts"}],"about":[{"href":"https:\/\/gaq.be\/en\/wp-json\/wp\/v2\/types\/post"}],"author":[{"embeddable":true,"href":"https:\/\/gaq.be\/en\/wp-json\/wp\/v2\/users\/55"}],"replies":[{"embeddable":true,"href":"https:\/\/gaq.be\/en\/wp-json\/wp\/v2\/comments?post=703"}],"version-history":[{"count":3,"href":"https:\/\/gaq.be\/en\/wp-json\/wp\/v2\/posts\/703\/revisions"}],"predecessor-version":[{"id":749,"href":"https:\/\/gaq.be\/en\/wp-json\/wp\/v2\/posts\/703\/revisions\/749"}],"wp:attachment":[{"href":"https:\/\/gaq.be\/en\/wp-json\/wp\/v2\/media?parent=703"}],"wp:term":[{"taxonomy":"category","embeddable":true,"href":"https:\/\/gaq.be\/en\/wp-json\/wp\/v2\/categories?post=703"},{"taxonomy":"post_tag","embeddable":true,"href":"https:\/\/gaq.be\/en\/wp-json\/wp\/v2\/tags?post=703"}],"curies":[{"name":"wp","href":"https:\/\/api.w.org\/{rel}","templated":true}]}}