{"id":742,"date":"2018-10-12T13:14:58","date_gmt":"2018-10-12T11:14:58","guid":{"rendered":"http:\/\/gaq.be\/?p=742"},"modified":"2018-11-13T10:26:36","modified_gmt":"2018-11-13T09:26:36","slug":"le-gaq-recoit-les-candidats-aux-elections-communales","status":"publish","type":"post","link":"https:\/\/gaq.be\/en\/le-gaq-recoit-les-candidats-aux-elections-communales\/","title":{"rendered":"Le GAQ re\u00e7oit les candidats aux \u00e9lections communales"},"content":{"rendered":"\n<div class=\"wp-block-group has-global-padding is-layout-constrained wp-block-group-is-layout-constrained\" style=\"padding-bottom:var(--wp--preset--spacing--40)\"><div class=\"wp-block-gaq-post-header\">\n    \n        <div class=\"post-header__content\">\n        <p class=\"post-header__date\"><span>Published on<\/span> : 12 Oct 2018        <\/p>\n                        <p class=\"post-header__categories\">\n                                        <span class=\"post__category post__category-icon sector__divers-blue\">\n                            Divers                        <\/span>\n                                            <span class=\"post__category post__category-icon sector__urban-blue\">\n                            Urbanisme                        <\/span>\n                                    <\/p>\n                <\/div>\n<\/div><\/div>\n\n\n<p>Le 2 octobre 2018, notre comit\u00e9 de quartier recevait\u00a0 Chantal Matys (CDH), Alain Dewez (Ecolo), Marie Nagy (D\u00e9fi), David Weytsman (MR),\u00a0 Karine Lalieux (PS) candidats aux \u00e9lections communales.<\/p>\n\n\n\n<p>L&#8217;occasion de d\u00e9battre des sujets comme le futur des axes :\nrue de la Loi, rue Belliard, avenue de Cortenbergh o\u00f9 le trafic routier est\nparticuli\u00e8rement dense, de la mobilit\u00e9 en g\u00e9n\u00e9ral dans notre quartier, de\nl&#8217;habitat, de l\u2019accueil de la petite enfance, de la diversit\u00e9 des commerces, de\nla participation des citoyens aux prises de d\u00e9cisions relatives \u00e0 l&#8217;am\u00e9nagement\ndu quartier. Le futur du rond point Schuman a bien sur \u00e9t\u00e9 abord\u00e9.<\/p>\n\n\n\n<p>Nous remercions chaleureusement tous les candidats d&#8217;avoir pris part \u00e0 l&#8217;exercice. Il n&#8217;\u00e9tait pas facile !<br\/> D&#8217;autres listes avaient \u00e9t\u00e9 invit\u00e9es mais elles n&#8217;ont pu d\u00e9p\u00eacher de candidats.<\/p>\n\n\n\n<p>Voici le compte rendu de la r\u00e9union: <br\/><\/p>\n\n\n\n<div class=\"wp-block-file\"><a href=\"http:\/\/gaq.be\/wp-content\/uploads\/2018\/10\/2018-10-02-R\u00e9union-Mensuelle-\u2013-Sp\u00e9cial-\u00e9lections-communales.pdf\"> 2018-10-02 R\u00e9union Mensuelle \u2013 Sp\u00e9cial \u00e9lections communales<\/a><a href=\"http:\/\/gaq.be\/wp-content\/uploads\/2018\/10\/2018-10-02-R\u00e9union-Mensuelle-\u2013-Sp\u00e9cial-\u00e9lections-communales.pdf\" class=\"wp-block-file__button\" download=\" 2018-10-02 R\u00e9union Mensuelle \u2013 Sp\u00e9cial \u00e9lections communales\">Download<\/a><\/div>\n\n\n\n<p><\/p>\n\t","protected":false},"excerpt":{"rendered":"<p>Le 2 octobre 2018, notre comit\u00e9 de quartier recevait\u00a0 Chantal Matys (CDH), Alain Dewez (Ecolo), Marie Nagy (D\u00e9fi), David Weytsman (MR),\u00a0 Karine Lalieux (PS) candidats aux \u00e9lections communales. L&#8217;occasion de [&hellip;]<\/p>\n","protected":false},"author":1,"featured_media":0,"comment_status":"open","ping_status":"closed","sticky":false,"template":"","format":"standard","meta":{"_EventAllDay":false,"_EventTimezone":"","_EventStartDate":"","_EventEndDate":"","_EventStartDateUTC":"","_EventEndDateUTC":"","_EventShowMap":false,"_EventShowMapLink":false,"_EventURL":"","_EventCost":"","_EventCostDescription":"","_EventCurrencySymbol":"","_EventCurrencyCode":"","_EventCurrencyPosition":"","_EventDateTimeSeparator":"","_EventTimeRangeSeparator":"","_EventOrganizerID":[],"_EventVenueID":[],"_OrganizerEmail":"","_OrganizerPhone":"","_OrganizerWebsite":"","_VenueAddress":"","_VenueCity":"","_VenueCountry":"","_VenueProvince":"","_VenueState":"","_VenueZip":"","_VenuePhone":"","_VenueURL":"","_VenueStateProvince":"","_VenueLat":"","_VenueLng":"","_VenueShowMap":false,"_VenueShowMapLink":false,"footnotes":""},"categories":[145,144],"tags":[],"class_list":["post-742","post","type-post","status-publish","format-standard","hentry","category-divers","category-urbanisme"],"_links":{"self":[{"href":"https:\/\/gaq.be\/en\/wp-json\/wp\/v2\/posts\/742","targetHints":{"allow":["GET"]}}],"collection":[{"href":"https:\/\/gaq.be\/en\/wp-json\/wp\/v2\/posts"}],"about":[{"href":"https:\/\/gaq.be\/en\/wp-json\/wp\/v2\/types\/post"}],"author":[{"embeddable":true,"href":"https:\/\/gaq.be\/en\/wp-json\/wp\/v2\/users\/1"}],"replies":[{"embeddable":true,"href":"https:\/\/gaq.be\/en\/wp-json\/wp\/v2\/comments?post=742"}],"version-history":[{"count":3,"href":"https:\/\/gaq.be\/en\/wp-json\/wp\/v2\/posts\/742\/revisions"}],"predecessor-version":[{"id":746,"href":"https:\/\/gaq.be\/en\/wp-json\/wp\/v2\/posts\/742\/revisions\/746"}],"wp:attachment":[{"href":"https:\/\/gaq.be\/en\/wp-json\/wp\/v2\/media?parent=742"}],"wp:term":[{"taxonomy":"category","embeddable":true,"href":"https:\/\/gaq.be\/en\/wp-json\/wp\/v2\/categories?post=742"},{"taxonomy":"post_tag","embeddable":true,"href":"https:\/\/gaq.be\/en\/wp-json\/wp\/v2\/tags?post=742"}],"curies":[{"name":"wp","href":"https:\/\/api.w.org\/{rel}","templated":true}]}}