{"id":4602,"global_id":"gaq.be\/nl\/?id=4602","global_id_lineage":["gaq.be\/nl\/?id=4602"],"author":"1","status":"publish","date":"2020-10-10 13:14:06","date_utc":"2020-10-10 11:14:06","modified":"2020-10-10 13:14:06","modified_utc":"2020-10-10 11:14:06","url":"https:\/\/gaq.be\/nl\/evenements\/gt-marches-dans-le-quartier-2\/","rest_url":"https:\/\/gaq.be\/nl\/wp-json\/tribe\/events\/v1\/events\/4602","title":"GT March\u00e9s dans le quartier","description":"<p>A discuter: le march\u00e9 sur le Square Marguerite. Ce GT pr\u00e9parera \u00e9galement la discussion avec l\u2019Echevin Maingain pr\u00e9vu pour le 23\/01<\/p>","excerpt":"","slug":"gt-marches-dans-le-quartier-2","image":false,"all_day":false,"start_date":"2019-01-14 00:00:00","start_date_details":{"year":"2019","month":"01","day":"14","hour":"00","minutes":"00","seconds":"00"},"end_date":"2019-01-14 21:00:00","end_date_details":{"year":"2019","month":"01","day":"14","hour":"21","minutes":"00","seconds":"00"},"utc_start_date":"2019-01-13 23:00:00","utc_start_date_details":{"year":"2019","month":"01","day":"13","hour":"23","minutes":"00","seconds":"00"},"utc_end_date":"2019-01-14 20:00:00","utc_end_date_details":{"year":"2019","month":"01","day":"14","hour":"20","minutes":"00","seconds":"00"},"timezone":"Europe\/Brussels","timezone_abbr":"CET","cost":"","cost_details":{"currency_symbol":"","currency_code":"","currency_position":"prefix","values":[]},"website":"","show_map":false,"show_map_link":false,"hide_from_listings":false,"sticky":false,"featured":false,"categories":[],"tags":[],"venue":[],"organizer":[],"custom_fields":[],"json_ld":{"@context":"http:\/\/schema.org","@type":"Event","name":"GT March\u00e9s dans le quartier","description":"&lt;p&gt;A discuter: le march\u00e9 sur le Square Marguerite. Ce GT pr\u00e9parera \u00e9galement la discussion avec l\u2019Echevin Maingain pr\u00e9vu pour le 23\/01&lt;\/p&gt;\\n","url":"https:\/\/gaq.be\/nl\/evenements\/gt-marches-dans-le-quartier-2\/","eventAttendanceMode":"https:\/\/schema.org\/OfflineEventAttendanceMode","eventStatus":"https:\/\/schema.org\/EventScheduled","startDate":"2019-01-14T00:00:00+01:00","endDate":"2019-01-14T21:00:00+01:00","performer":"Organization"}}