{"id":14259,"date":"2025-08-22T17:31:53","date_gmt":"2025-08-22T15:31:53","guid":{"rendered":"https:\/\/gaq.be\/?p=14259"},"modified":"2025-08-23T10:00:58","modified_gmt":"2025-08-23T08:00:58","slug":"openbare-onderzoeken-van-21-augustus-tot-18-september","status":"publish","type":"post","link":"https:\/\/gaq.be\/nl\/openbare-onderzoeken-van-21-augustus-tot-18-september\/","title":{"rendered":"Openbare onderzoeken van 21 augustus tot 18 september"},"content":{"rendered":"\n<div class=\"wp-block-group has-global-padding is-layout-constrained wp-block-group-is-layout-constrained\" style=\"padding-bottom:var(--wp--preset--spacing--40)\"><div class=\"wp-block-gaq-post-header\">\n    \n        <div class=\"post-header__content\">\n        <p class=\"post-header__date\"><span>Gepubliceerd op<\/span> : 22 augustus 2025        <\/p>\n                        <p class=\"post-header__categories\">\n                                        <span class=\"post__category post__category-icon sector__urban-blue\">\n                            Stadsplanning                        <\/span>\n                                    <\/p>\n                <\/div>\n<\/div><\/div>\n\n\n\n<p class=\"has-text-align-center has-vivid-red-color has-text-color has-link-color has-large-font-size wp-elements-9e813d1be23cedf15fb492519b045751\">We moeten achter de rode affiches aan<\/p>\n\n\n\n<p class=\"has-text-align-center has-gaq-green-background-color has-background\"><em>Regelmatig delen we met u aankondigingen betreffende openbare onderzoeken naar projecten in onze wijk. Het betreft aanvragen voor bouwvergunningen die niet alleen een direct effect hebben op de onderzochte eigendommen, maar ook op hun omgeving.<br>Ze zijn dus van belang voor ons allemaal, of we nu naaste buren zijn of niet.<br>Daarom moedigen we alle buurtbewoners aan om te reageren en hun bedenkingen met ons te delen via onze mail <\/em><a href=\"mailto:ca@gaq.be\" target=\"_blank\" rel=\"noreferrer noopener\"><em>ca@gaq.be<\/em><\/a><em>, met de vermelding &nbsp;\u201copenbaar onderzoek\u201d. En maak natuurlijk ook uw mening persoonlijk schriftelijk kenbaar aan de overheid, met de mogelijkheid de zitting van de adviescommissie stedenbouw bij te wonen.<\/em><\/p>\n\n\n\n<p class=\"has-large-font-size\"><strong>van 21 augustus tot 4 september<\/strong><\/p>\n\n\n\n<div class=\"wp-block-group alignfull has-gaq-light-green-background-color has-background has-global-padding is-layout-constrained wp-container-core-group-is-layout-f90d3be4 wp-block-group-is-layout-constrained\" style=\"padding-top:var(--wp--preset--spacing--40);padding-right:var(--wp--preset--spacing--30);padding-bottom:var(--wp--preset--spacing--40);padding-left:var(--wp--preset--spacing--30)\">\n<div class=\"wp-block-group has-gaq-blue-color has-text-color has-global-padding is-layout-constrained wp-container-core-group-is-layout-8e1e079d wp-block-group-is-layout-constrained\" style=\"padding-top:var(--wp--preset--spacing--30);padding-right:0;padding-bottom:0;padding-left:0\">\n<div class=\"wp-block-columns alignwide is-layout-flex wp-container-core-columns-is-layout-1d9f35bd wp-block-columns-is-layout-flex\">\n<div class=\"wp-block-column is-layout-flow wp-block-column-is-layout-flow\">\n<h3 class=\"wp-block-heading\">Joseph II-straat 9 -13<\/h3>\n\n\n\n<p><a href=\"https:\/\/www.bruxelles.be\/sites\/default\/files\/public-inquiry\/Rue%20Joseph%20II%209-13%20%28PU-J2672025%29.pdf\" target=\"_blank\" rel=\"noreferrer noopener\">R\u00e9gion de Bruxelles-Capitale VILLE DE BRUXELLES<\/a><\/p>\n\n\n\n<p>modifier le permis J420\/2023: placer des pompes \u00e0 chaleur individuelles en toiture et<br>un \u00e9cran acoustique, r\u00e9aliser des modifications en fa\u00e7ade, modifier le hall d\u2019entr\u00e9e de l\u2019immeuble (geen vertaling in het Nederlands)<\/p>\n<\/div>\n\n\n\n<div class=\"wp-block-column is-layout-flow wp-block-column-is-layout-flow\">\n<div class=\"wp-block-group is-style-group-green-shadow-up has-global-padding is-layout-constrained wp-block-group-is-layout-constrained\">\n<figure class=\"wp-block-image size-large\"><img loading=\"lazy\" decoding=\"async\" width=\"1024\" height=\"671\" src=\"https:\/\/gaq.be\/wp-content\/uploads\/2025\/08\/Capture-decran-2025-08-22-164010-1024x671.png\" alt=\"\" class=\"wp-image-14243\" srcset=\"https:\/\/gaq.be\/wp-content\/uploads\/2025\/08\/Capture-decran-2025-08-22-164010-1024x671.png 1024w, https:\/\/gaq.be\/wp-content\/uploads\/2025\/08\/Capture-decran-2025-08-22-164010-300x197.png 300w, https:\/\/gaq.be\/wp-content\/uploads\/2025\/08\/Capture-decran-2025-08-22-164010-768x503.png 768w, https:\/\/gaq.be\/wp-content\/uploads\/2025\/08\/Capture-decran-2025-08-22-164010-600x393.png 600w, https:\/\/gaq.be\/wp-content\/uploads\/2025\/08\/Capture-decran-2025-08-22-164010.png 1087w\" sizes=\"auto, (max-width: 1024px) 100vw, 1024px\" \/><\/figure>\n<\/div>\n<\/div>\n<\/div>\n<\/div>\n<\/div>\n\n\n\n<div class=\"wp-block-group alignfull has-gaq-light-green-background-color has-background has-global-padding is-layout-constrained wp-container-core-group-is-layout-f90d3be4 wp-block-group-is-layout-constrained\" style=\"padding-top:var(--wp--preset--spacing--40);padding-right:var(--wp--preset--spacing--30);padding-bottom:var(--wp--preset--spacing--40);padding-left:var(--wp--preset--spacing--30)\">\n<div class=\"wp-block-group has-gaq-blue-color has-text-color has-global-padding is-layout-constrained wp-container-core-group-is-layout-8e1e079d wp-block-group-is-layout-constrained\" style=\"padding-top:var(--wp--preset--spacing--30);padding-right:0;padding-bottom:0;padding-left:0\">\n<div class=\"wp-block-columns alignwide is-layout-flex wp-container-core-columns-is-layout-1d9f35bd wp-block-columns-is-layout-flex\">\n<div class=\"wp-block-column is-layout-flow wp-block-column-is-layout-flow\">\n<h3 class=\"wp-block-heading\">St\u00e9vinstraat 204<\/h3>\n\n\n\n<p>&nbsp;<a href=\"https:\/\/www.bruxelles.be\/sites\/default\/files\/public-inquiry\/Rue%20Stevin%20204%20%28PU-S242025%29.pdf\" target=\"_blank\" rel=\"noreferrer noopener\">R\u00e9gion de Bruxelles-Capitale VILLE DE BRUXELLES<\/a><\/p>\n\n\n\n<p>renoveren een woongebouw (afbreken en herbouwen, openingen veranderen, afbreken<br>en herbouwen van het dak, isoleren) en wijzigen van het onthaal van woningen<\/p>\n<\/div>\n\n\n\n<div class=\"wp-block-column is-layout-flow wp-block-column-is-layout-flow\">\n<div class=\"wp-block-group is-style-group-green-shadow-up has-global-padding is-layout-constrained wp-block-group-is-layout-constrained\">\n<figure class=\"wp-block-image size-full\"><img loading=\"lazy\" decoding=\"async\" width=\"1009\" height=\"757\" src=\"https:\/\/gaq.be\/wp-content\/uploads\/2025\/08\/Capture-decran-2025-08-22-164752.png\" alt=\"\" class=\"wp-image-14246\" srcset=\"https:\/\/gaq.be\/wp-content\/uploads\/2025\/08\/Capture-decran-2025-08-22-164752.png 1009w, https:\/\/gaq.be\/wp-content\/uploads\/2025\/08\/Capture-decran-2025-08-22-164752-300x225.png 300w, https:\/\/gaq.be\/wp-content\/uploads\/2025\/08\/Capture-decran-2025-08-22-164752-768x576.png 768w, https:\/\/gaq.be\/wp-content\/uploads\/2025\/08\/Capture-decran-2025-08-22-164752-600x450.png 600w\" sizes=\"auto, (max-width: 1009px) 100vw, 1009px\" \/><\/figure>\n<\/div>\n<\/div>\n<\/div>\n<\/div>\n<\/div>\n\n\n\n<p class=\"has-large-font-size\">van 20 augustus tot 18 september<\/p>\n\n\n\n<div class=\"wp-block-group alignfull has-gaq-light-green-background-color has-background has-global-padding is-layout-constrained wp-container-core-group-is-layout-f90d3be4 wp-block-group-is-layout-constrained\" style=\"padding-top:var(--wp--preset--spacing--40);padding-right:var(--wp--preset--spacing--30);padding-bottom:var(--wp--preset--spacing--40);padding-left:var(--wp--preset--spacing--30)\">\n<div class=\"wp-block-group has-gaq-blue-color has-text-color has-global-padding is-layout-constrained wp-container-core-group-is-layout-8e1e079d wp-block-group-is-layout-constrained\" style=\"padding-top:var(--wp--preset--spacing--30);padding-right:0;padding-bottom:0;padding-left:0\">\n<div class=\"wp-block-columns alignwide is-layout-flex wp-container-core-columns-is-layout-1d9f35bd wp-block-columns-is-layout-flex\">\n<div class=\"wp-block-column is-layout-flow wp-block-column-is-layout-flow\">\n<div class=\"wp-block-group alignfull has-gaq-light-green-background-color has-background has-global-padding is-layout-constrained wp-container-core-group-is-layout-f90d3be4 wp-block-group-is-layout-constrained\" style=\"padding-top:var(--wp--preset--spacing--40);padding-right:var(--wp--preset--spacing--30);padding-bottom:var(--wp--preset--spacing--40);padding-left:var(--wp--preset--spacing--30)\">\n<div class=\"wp-block-group has-gaq-blue-color has-text-color has-global-padding is-layout-constrained wp-container-core-group-is-layout-8e1e079d wp-block-group-is-layout-constrained\" style=\"padding-top:var(--wp--preset--spacing--30);padding-right:0;padding-bottom:0;padding-left:0\">\n<div class=\"wp-block-columns alignwide is-layout-flex wp-container-core-columns-is-layout-1d9f35bd wp-block-columns-is-layout-flex\">\n<div class=\"wp-block-column is-layout-flow wp-block-column-is-layout-flow\">\n<h3 class=\"wp-block-heading\">Kunstlaan 39 &#8211; 41<\/h3>\n\n\n\n<p id=\"block-b2e65180-7039-4f48-aab8-5222d94a9ce0\"><a href=\"https:\/\/www.bruxelles.be\/sites\/default\/files\/public-inquiry\/Avenue%20des%20Arts%2039%20-%2041%20%28PU-A6562025%29.pdf\" target=\"_blank\" rel=\"noreferrer noopener\">R\u00e9gion de Bruxelles-Capitale VILLE DE BRUXELLES<\/a><\/p>\n\n\n\n<p id=\"block-16c1dd9f-5969-4b47-974f-ceb8fdf54f7d\">Zware renovatie van kantoorgebouwen met gedeeltelijke sloop\/heropbouw, toevoeging van woningen op de bovenste verdieping en behoud van een commerci\u00eble bestemming op het gelijkvloers, volledige herinrichting van de binnengebiedzone en de kelders<br>(waaronder een deel van de openbare parking Guimard), met inbegrip van de aanleg van een patio met volle grond en de opheffing van de parking op nr. 41<\/p>\n<\/div>\n\n\n\n<div class=\"wp-block-column is-layout-flow wp-block-column-is-layout-flow\">\n<div class=\"wp-block-group is-style-group-green-shadow-up has-global-padding is-layout-constrained wp-block-group-is-layout-constrained\">\n<figure class=\"wp-block-image size-large\"><img loading=\"lazy\" decoding=\"async\" width=\"1024\" height=\"694\" src=\"https:\/\/gaq.be\/wp-content\/uploads\/2025\/08\/avenue-des-arts-39-41-1-1024x694.jpg\" alt=\"\" class=\"wp-image-14252\" srcset=\"https:\/\/gaq.be\/wp-content\/uploads\/2025\/08\/avenue-des-arts-39-41-1-1024x694.jpg 1024w, https:\/\/gaq.be\/wp-content\/uploads\/2025\/08\/avenue-des-arts-39-41-1-300x203.jpg 300w, https:\/\/gaq.be\/wp-content\/uploads\/2025\/08\/avenue-des-arts-39-41-1-768x521.jpg 768w, https:\/\/gaq.be\/wp-content\/uploads\/2025\/08\/avenue-des-arts-39-41-1-1536x1041.jpg 1536w, https:\/\/gaq.be\/wp-content\/uploads\/2025\/08\/avenue-des-arts-39-41-1-600x407.jpg 600w, https:\/\/gaq.be\/wp-content\/uploads\/2025\/08\/avenue-des-arts-39-41-1.jpg 1620w\" sizes=\"auto, (max-width: 1024px) 100vw, 1024px\" \/><\/figure>\n<\/div>\n<\/div>\n<\/div>\n<\/div>\n<\/div>\n<\/div>\n<\/div>\n<\/div>\n<\/div>\n\n\n\n<div class=\"wp-block-group alignfull has-gaq-light-green-background-color has-background has-global-padding is-layout-constrained wp-container-core-group-is-layout-f90d3be4 wp-block-group-is-layout-constrained\" style=\"padding-top:var(--wp--preset--spacing--40);padding-right:var(--wp--preset--spacing--30);padding-bottom:var(--wp--preset--spacing--40);padding-left:var(--wp--preset--spacing--30)\">\n<div class=\"wp-block-group has-gaq-blue-color has-text-color has-global-padding is-layout-constrained wp-container-core-group-is-layout-8e1e079d wp-block-group-is-layout-constrained\" style=\"padding-top:var(--wp--preset--spacing--30);padding-right:0;padding-bottom:0;padding-left:0\">\n<div class=\"wp-block-columns alignwide is-layout-flex wp-container-core-columns-is-layout-1d9f35bd wp-block-columns-is-layout-flex\">\n<div class=\"wp-block-column is-layout-flow wp-block-column-is-layout-flow\">\n<h3 class=\"wp-block-heading\">Palmerstonlaan 6 &#8211; 14 Eburonenstraat 77 &#8211; 79<\/h3>\n\n\n\n<p><a href=\"https:\/\/www.bruxelles.be\/sites\/default\/files\/public-inquiry\/Avenue%20Palmerston%206-14%20-%20Rue%20des%20Eburons%2077-79%20%28PU-P6582025%29.pdf\" target=\"_blank\" rel=\"noreferrer noopener\">R\u00e9gion de Bruxelles-Capitale VILLE DE BRUXELLES_<\/a><\/p>\n\n\n\n<p>wijzigen en herbestemmen van de twee kantoorgebouwen gelegen in de Palmerstonstraat tot woningen<br>(25 appartementen); verlagen van de hoogte van de scheidingsmuur met het geklasseerde en als UNESCO-werelderfgoed erkende &#8216;H\u00f4tel Van Eetvelde&#8217;; slopen van de constructies in het binnengebied van het bouwblok en vellen van een boom; slopen van de garages in de Eburonsstraat en bouwen van een woongebouw (12 appartementen) met een ondergrondse parking van 10 plaatsen<\/p>\n<\/div>\n\n\n\n<div class=\"wp-block-column is-layout-flow wp-block-column-is-layout-flow\">\n<div class=\"wp-block-group is-style-group-green-shadow-up has-global-padding is-layout-constrained wp-block-group-is-layout-constrained\">\n<figure class=\"wp-block-image size-full\"><img loading=\"lazy\" decoding=\"async\" width=\"500\" height=\"585\" src=\"https:\/\/gaq.be\/wp-content\/uploads\/2025\/08\/Palmerston_n\u00b06-14.jpg\" alt=\"\" class=\"wp-image-14255\" srcset=\"https:\/\/gaq.be\/wp-content\/uploads\/2025\/08\/Palmerston_n\u00b06-14.jpg 500w, https:\/\/gaq.be\/wp-content\/uploads\/2025\/08\/Palmerston_n\u00b06-14-256x300.jpg 256w\" sizes=\"auto, (max-width: 500px) 100vw, 500px\" \/><\/figure>\n<\/div>\n<\/div>\n<\/div>\n<\/div>\n<\/div>\n","protected":false},"excerpt":{"rendered":"<p>Belangrijke nieuwe onderzoeken<\/p>\n","protected":false},"author":76,"featured_media":14256,"comment_status":"closed","ping_status":"closed","sticky":false,"template":"","format":"standard","meta":{"_EventAllDay":false,"_EventTimezone":"","_EventStartDate":"","_EventEndDate":"","_EventStartDateUTC":"","_EventEndDateUTC":"","_EventShowMap":false,"_EventShowMapLink":false,"_EventURL":"","_EventCost":"","_EventCostDescription":"","_EventCurrencySymbol":"","_EventCurrencyCode":"","_EventCurrencyPosition":"","_EventDateTimeSeparator":"","_EventTimeRangeSeparator":"","_EventOrganizerID":[],"_EventVenueID":[],"_OrganizerEmail":"","_OrganizerPhone":"","_OrganizerWebsite":"","_VenueAddress":"","_VenueCity":"","_VenueCountry":"","_VenueProvince":"","_VenueState":"","_VenueZip":"","_VenuePhone":"","_VenueURL":"","_VenueStateProvince":"","_VenueLat":"","_VenueLng":"","_VenueShowMap":false,"_VenueShowMapLink":false,"footnotes":""},"categories":[158],"tags":[],"class_list":["post-14259","post","type-post","status-publish","format-standard","has-post-thumbnail","hentry","category-stadsplanning"],"_links":{"self":[{"href":"https:\/\/gaq.be\/nl\/wp-json\/wp\/v2\/posts\/14259","targetHints":{"allow":["GET"]}}],"collection":[{"href":"https:\/\/gaq.be\/nl\/wp-json\/wp\/v2\/posts"}],"about":[{"href":"https:\/\/gaq.be\/nl\/wp-json\/wp\/v2\/types\/post"}],"author":[{"embeddable":true,"href":"https:\/\/gaq.be\/nl\/wp-json\/wp\/v2\/users\/76"}],"replies":[{"embeddable":true,"href":"https:\/\/gaq.be\/nl\/wp-json\/wp\/v2\/comments?post=14259"}],"version-history":[{"count":2,"href":"https:\/\/gaq.be\/nl\/wp-json\/wp\/v2\/posts\/14259\/revisions"}],"predecessor-version":[{"id":14266,"href":"https:\/\/gaq.be\/nl\/wp-json\/wp\/v2\/posts\/14259\/revisions\/14266"}],"wp:featuredmedia":[{"embeddable":true,"href":"https:\/\/gaq.be\/nl\/wp-json\/wp\/v2\/media\/14256"}],"wp:attachment":[{"href":"https:\/\/gaq.be\/nl\/wp-json\/wp\/v2\/media?parent=14259"}],"wp:term":[{"taxonomy":"category","embeddable":true,"href":"https:\/\/gaq.be\/nl\/wp-json\/wp\/v2\/categories?post=14259"},{"taxonomy":"post_tag","embeddable":true,"href":"https:\/\/gaq.be\/nl\/wp-json\/wp\/v2\/tags?post=14259"}],"curies":[{"name":"wp","href":"https:\/\/api.w.org\/{rel}","templated":true}]}}