{"id":165,"date":"2018-04-25T17:00:11","date_gmt":"2018-04-25T15:00:11","guid":{"rendered":"http:\/\/gaq.be\/?p=165"},"modified":"2018-11-13T10:27:53","modified_gmt":"2018-11-13T09:27:53","slug":"fete-des-pains","status":"publish","type":"post","link":"https:\/\/gaq.be\/nl\/fete-des-pains\/","title":{"rendered":"La F\u00eate des Pains, RP Schuman du 5 au 9 mai 2018"},"content":{"rendered":"\n<div class=\"wp-block-group has-global-padding is-layout-constrained wp-block-group-is-layout-constrained\" style=\"padding-bottom:var(--wp--preset--spacing--40)\"><div class=\"wp-block-gaq-post-header\">\n    \n        <div class=\"post-header__content\">\n        <p class=\"post-header__date\"><span>Gepubliceerd op<\/span> : 25 april 2018        <\/p>\n                        <p class=\"post-header__categories\">\n                                        <span class=\"post__category post__category-icon sector__divers-blue\">\n                            Divers                        <\/span>\n                                            <span class=\"post__category post__category-icon sector__urban-blue\">\n                            Urbanisme                        <\/span>\n                                    <\/p>\n                <\/div>\n<\/div><\/div>\n\n<h3><img loading=\"lazy\" decoding=\"async\" class=\"alignnone size-large wp-image-309\" src=\"http:\/\/gaq.be\/wp-content\/uploads\/2018\/04\/2018-05-05-GAQ-\u00e0-la-F\u00eate-des-Pains-1024x658.jpg\" alt=\"\" width=\"910\" height=\"585\" srcset=\"https:\/\/gaq.be\/wp-content\/uploads\/2018\/04\/2018-05-05-GAQ-\u00e0-la-F\u00eate-des-Pains-1024x658.jpg 1024w, https:\/\/gaq.be\/wp-content\/uploads\/2018\/04\/2018-05-05-GAQ-\u00e0-la-F\u00eate-des-Pains-600x386.jpg 600w, https:\/\/gaq.be\/wp-content\/uploads\/2018\/04\/2018-05-05-GAQ-\u00e0-la-F\u00eate-des-Pains-300x193.jpg 300w, https:\/\/gaq.be\/wp-content\/uploads\/2018\/04\/2018-05-05-GAQ-\u00e0-la-F\u00eate-des-Pains-768x494.jpg 768w, https:\/\/gaq.be\/wp-content\/uploads\/2018\/04\/2018-05-05-GAQ-\u00e0-la-F\u00eate-des-Pains-400x257.jpg 400w, https:\/\/gaq.be\/wp-content\/uploads\/2018\/04\/2018-05-05-GAQ-\u00e0-la-F\u00eate-des-Pains.jpg 1106w\" sizes=\"auto, (max-width: 910px) 100vw, 910px\" \/><\/h3>\r\nLe stand du GAQ (photo: Bruno Mariani)\r\n<h3><strong>La F\u00eate des Pains &#8211; et des produits qui accompagnent\r\n<\/strong><\/h3>\r\n<img loading=\"lazy\" decoding=\"async\" class=\"alignnone size-medium wp-image-167\" src=\"http:\/\/gaq.be\/wp-content\/uploads\/2018\/05\/2018-Fete-des-Pains-248x300.jpg\" alt=\"\" width=\"248\" height=\"300\" srcset=\"https:\/\/gaq.be\/wp-content\/uploads\/2018\/05\/2018-Fete-des-Pains-248x300.jpg 248w, https:\/\/gaq.be\/wp-content\/uploads\/2018\/05\/2018-Fete-des-Pains-scaled-600x725.jpg 600w, https:\/\/gaq.be\/wp-content\/uploads\/2018\/05\/2018-Fete-des-Pains-768x928.jpg 768w, https:\/\/gaq.be\/wp-content\/uploads\/2018\/05\/2018-Fete-des-Pains-847x1024.jpg 847w\" sizes=\"auto, (max-width: 248px) 100vw, 248px\" \/>\r\n\r\n<strong>Rond Point Schuman &#8211; <\/strong><strong>Samedi 5 mai 2018 de 10.00 \u00e0 21.00<\/strong>\r\n\r\n<strong>Les Institutions europ\u00e9ennes ouvriront leurs portes le samedi 5 mai. Leur vaste r\u00e9seau de communication attirera dans le quartier europ\u00e9en des milliers de curieux. A cette occasion, l\u2019ASBL Schuman Square am\u00e9nagera l\u2019espace central qui sera transform\u00e9 en vaste boulangerie internationale \u00e0 l\u2019occasion d\u2019une F\u00eate des Pains exceptionnelle.<\/strong>\r\n\r\nUn grand exercice de &lt;&lt; diplomatie culturelle &gt;&gt; vous fera voyager dans le vaste monde du pain. De l\u2019Europe en passant par le Moyen Orient, vous partirez jusqu\u2019en Chine sur les routes du riche patrimoine alimentaire et culinaire de millions de consommateurs.\r\n\r\n<em>\u00ab L\u2019ASBL Schuman Square est convaincue que les plaisirs de la table emprunt\u00e9s \u00e0 toutes les cultures sont la meilleure expression du vivre ensemble \u00bb, <\/em>explique la pr\u00e9sidente de l\u2019association, Marion Wolfers.\r\n\r\nDes meuniers, des boulangers, des cuisiniers de Belgique, d\u2019Europe et d\u2019ailleurs mettront en valeur les meilleures farines, les merveilleuses recettes et les meilleures sp\u00e9cialit\u00e9s de pains. Ils seront accompagn\u00e9s de vins, bi\u00e8res, fromages, charcuterie et chocolats.\r\n\r\nEn fonction de vos go\u00fbts, vous d\u00e9couvrirez les pains bulgares \u00e0 l\u2019ancienne, cuits au vin rouge, des g\u00e2teaux travaill\u00e9s sur place \u00e0 la broche venus de Lituanie, de savoureux pains de seigle arriv\u00e9s d\u2019Estonie et une tr\u00e8s riche palette de pains d\u2019Allemagne, plus grand pays consommateur d\u2019Europe.\r\n\r\nVous serez impressionn\u00e9s par l\u2019importance de l\u2019offre en provenance de la r\u00e9gion m\u00e9diterran\u00e9enne, avec les nombreuses vari\u00e9t\u00e9s de c\u00e9r\u00e9ales et recettes illustr\u00e9es par les boulangers des \u00eeles de la mer Eg\u00e9e et de Malte, les pizzas au feu de bois class\u00e9es patrimoine mondial de l\u2019humanit\u00e9, les pains toscans sans sel servis en panzanella, les superbes pains Carasau et Pintau sardes, les tapas et pinxos du Pays Basques et gaspacho andalous \u00e0 la mie de pain.\r\n\r\nLa France et ses r\u00e9gions vous r\u00e9galeront de leurs baguettes symboliques, tourtes, pain campagne et meules vari\u00e9es.\r\n\r\nCuits sur place, vous d\u00e9gusterez des &lt;&lt; barbari &gt;&gt; pains plats iraniens parsem\u00e9s de s\u00e9same, des &lt;&lt; batbout &gt;&gt; marocains po\u00eal\u00e9s \u00e0 base de farine et de semoule.\r\n\r\n&nbsp;\r\n\r\nDans un spectaculaire d\u00e9cor de lampions chinois, qui mettent \u00e0 l\u2019honneur l\u2019ann\u00e9e 2018 du tourisme EU-China, vous d\u00e9couvrirez les traditionnels petits pains \u00ab baozi \u00bb cuits \u00e0 la vapeur.\r\n\r\nLes visiteurs pourront aussi d\u00e9couvrir les pains cuits par des particuliers et voisins amateurs pour illustrer leurs sp\u00e9cialit\u00e9s di\u00e9t\u00e9tiques (Vegan, Challah, etc.). Des m\u00e9decins et scientifiques seront \u00e9galement pr\u00e9sents pour donner leur avis.\r\n\r\nDe nombreuses animations raviront les papilles des parents et des enfants tout au long de la journ\u00e9e. Les institutions europ\u00e9ennes pr\u00e9senteront plusieurs programmes pour illustrer leur politique : Agriculture, Recherche, Tourisme, Culture.\r\n\r\nCe projet vous est pr\u00e9sent\u00e9 gr\u00e2ce \u00e0 la g\u00e9n\u00e9reuse contribution de la R\u00e9gion Bruxelles Capitale, de la Ville de Bruxelles, des Institutions europ\u00e9ennes voisines, et de tout un g\u00e9n\u00e9reux quartier.\r\n\r\nCette ann\u00e9e, l\u2019\u00e9v\u00e9nement a lieu de 10.00 \u00e0 21.00 h.","protected":false},"excerpt":{"rendered":"<p>Le stand du GAQ (photo: Bruno Mariani) La F\u00eate des Pains &#8211; et des produits qui accompagnent Rond Point Schuman &#8211; Samedi 5 mai 2018 de 10.00 \u00e0 21.00 Les [&hellip;]<\/p>\n","protected":false},"author":1,"featured_media":0,"comment_status":"open","ping_status":"closed","sticky":false,"template":"","format":"standard","meta":{"_EventAllDay":false,"_EventTimezone":"","_EventStartDate":"","_EventEndDate":"","_EventStartDateUTC":"","_EventEndDateUTC":"","_EventShowMap":false,"_EventShowMapLink":false,"_EventURL":"","_EventCost":"","_EventCostDescription":"","_EventCurrencySymbol":"","_EventCurrencyCode":"","_EventCurrencyPosition":"","_EventDateTimeSeparator":"","_EventTimeRangeSeparator":"","_EventOrganizerID":[],"_EventVenueID":[],"_OrganizerEmail":"","_OrganizerPhone":"","_OrganizerWebsite":"","_VenueAddress":"","_VenueCity":"","_VenueCountry":"","_VenueProvince":"","_VenueState":"","_VenueZip":"","_VenuePhone":"","_VenueURL":"","_VenueStateProvince":"","_VenueLat":"","_VenueLng":"","_VenueShowMap":false,"_VenueShowMapLink":false,"footnotes":""},"categories":[145,144],"tags":[],"class_list":["post-165","post","type-post","status-publish","format-standard","hentry","category-divers","category-urbanisme"],"_links":{"self":[{"href":"https:\/\/gaq.be\/nl\/wp-json\/wp\/v2\/posts\/165","targetHints":{"allow":["GET"]}}],"collection":[{"href":"https:\/\/gaq.be\/nl\/wp-json\/wp\/v2\/posts"}],"about":[{"href":"https:\/\/gaq.be\/nl\/wp-json\/wp\/v2\/types\/post"}],"author":[{"embeddable":true,"href":"https:\/\/gaq.be\/nl\/wp-json\/wp\/v2\/users\/1"}],"replies":[{"embeddable":true,"href":"https:\/\/gaq.be\/nl\/wp-json\/wp\/v2\/comments?post=165"}],"version-history":[{"count":5,"href":"https:\/\/gaq.be\/nl\/wp-json\/wp\/v2\/posts\/165\/revisions"}],"predecessor-version":[{"id":311,"href":"https:\/\/gaq.be\/nl\/wp-json\/wp\/v2\/posts\/165\/revisions\/311"}],"wp:attachment":[{"href":"https:\/\/gaq.be\/nl\/wp-json\/wp\/v2\/media?parent=165"}],"wp:term":[{"taxonomy":"category","embeddable":true,"href":"https:\/\/gaq.be\/nl\/wp-json\/wp\/v2\/categories?post=165"},{"taxonomy":"post_tag","embeddable":true,"href":"https:\/\/gaq.be\/nl\/wp-json\/wp\/v2\/tags?post=165"}],"curies":[{"name":"wp","href":"https:\/\/api.w.org\/{rel}","templated":true}]}}