{"id":557,"date":"2018-09-06T14:10:13","date_gmt":"2018-09-06T12:10:13","guid":{"rendered":"http:\/\/gaq.be\/?p=557"},"modified":"2018-09-14T09:11:33","modified_gmt":"2018-09-14T07:11:33","slug":"eburons-77","status":"publish","type":"post","link":"https:\/\/gaq.be\/nl\/eburons-77\/","title":{"rendered":"Av Palmerston 6-14\/rue des Eburons 77-79, en enqu\u00eate du 31 ao\u00fbt au 14 septembre"},"content":{"rendered":"\n<div class=\"wp-block-group has-global-padding is-layout-constrained wp-block-group-is-layout-constrained\" style=\"padding-bottom:var(--wp--preset--spacing--40)\"><div class=\"wp-block-gaq-post-header\">\n    \n        <div class=\"post-header__content\">\n        <p class=\"post-header__date\"><span>Gepubliceerd op<\/span> : 6 september 2018        <\/p>\n                        <p class=\"post-header__categories\">\n                                        <span class=\"post__category post__category-icon sector__divers-blue\">\n                            Divers                        <\/span>\n                                            <span class=\"post__category post__category-icon sector__urban-blue\">\n                            Urbanisme                        <\/span>\n                                    <\/p>\n                <\/div>\n<\/div><\/div>\n\nArticle sur le site de la RTBF: <a href=\"https:\/\/www.rtbf.be\/info\/regions\/detail_bruxelles-le-chantier-europeen-qui-menace-l-hotel-van-eetvelde-de-victor-horta?id=10017426\">https:\/\/www.rtbf.be\/info\/regions\/detail_bruxelles-le-chantier-europeen-qui-menace-l-hotel-van-eetvelde-de-victor-horta?id=10017426<\/a>\n\nPDF: <a href=\"http:\/\/gaq.be\/wp-content\/uploads\/2018\/08\/Avenue_Palmerston_de_6_a_14-Rue_des_Eburons_de_77_a_79_PU-P5662018_1.pdf\">Avenue_Palmerston_de_6_a_14-Rue_des_Eburons_de_77_a_79_PU-P5662018_1<\/a>\n\n<a href=\"http:\/\/gaq.be\/?p=571&amp;preview=true\" target=\"_blank\" rel=\"noopener\">Petiton<\/a> &#8211; <span style=\"text-decoration: underline;\"><strong>Urgent<\/strong> <\/span>&#8211; il faut <strong>r\u00e9agir <span style=\"text-decoration: underline;\">avant ce vendredi soir 07 septembre<\/span> 2018<\/strong>\n\n<strong>Documents techniques:<\/strong>\n<ul>\n \t<li><a href=\"http:\/\/gaq.be\/wp-content\/uploads\/2018\/08\/P-556-2018-photos.pdf\">P 556 2018 photos<\/a><\/li>\n \t<li><a href=\"http:\/\/gaq.be\/wp-content\/uploads\/2018\/08\/P-556-2018-plans-synthese-2.pdf\">P 556 2018 plans synthese 2<\/a><\/li>\n \t<li><a href=\"http:\/\/gaq.be\/wp-content\/uploads\/2018\/08\/P-556-2018-Plans-synthese.pdf\">P 556 2018 Plans synthese<\/a><\/li>\n \t<li><a href=\"http:\/\/gaq.be\/wp-content\/uploads\/2018\/08\/P-556-2018-Statistique.pdf\">P 556 2018 Statistique<\/a><\/li>\n \t<li><a href=\"http:\/\/gaq.be\/wp-content\/uploads\/2018\/08\/P566-2018-ACCORD-RI-.doc\">P566 2018 &#8211; ACCORD RI<\/a><\/li>\n \t<li><a href=\"http:\/\/gaq.be\/wp-content\/uploads\/2018\/08\/P566-2018-demande-accus\u251c\u00ae.pdf\">P566 2018 demande + accus\u251c\u00ae<\/a><\/li>\n \t<li><a href=\"http:\/\/gaq.be\/wp-content\/uploads\/2018\/08\/04PUFD659450_AFFEP_19___938886755.doc\">04PUFD659450_AFFEP_19___938886755<\/a><\/li>\n \t<li><a href=\"http:\/\/gaq.be\/wp-content\/uploads\/2018\/08\/P-556-2018-annexe-1.pdf\">P 556 2018 annexe 1<\/a><\/li>\n \t<li><a href=\"http:\/\/gaq.be\/wp-content\/uploads\/2018\/08\/P-556-2018-axonometrie.pdf\">P 556 2018 axonometrie<\/a><\/li>\n \t<li><a href=\"http:\/\/gaq.be\/wp-content\/uploads\/2018\/08\/P-556-2018-Certificat-de-Propriete.pdf\">P 556 2018 Certificat de Propriete<\/a><\/li>\n \t<li><a href=\"http:\/\/gaq.be\/wp-content\/uploads\/2018\/08\/P-556-2018-Engagement.pdf\">P 556 2018 Engagement<\/a><\/li>\n \t<li><a href=\"http:\/\/gaq.be\/wp-content\/uploads\/2018\/08\/P-556-2018-Etude-dincidence.pdf\">P 556 2018 Etude d&#8217;incidence<\/a><\/li>\n \t<li><a href=\"http:\/\/gaq.be\/wp-content\/uploads\/2018\/08\/P-556-2018-Note-explicative.pdf\">P 556 2018 Note explicative<\/a><\/li>\n \t<li><a href=\"http:\/\/gaq.be\/wp-content\/uploads\/2018\/08\/P-556-2018-Peb.pdf\">P 556 2018 Peb<\/a><\/li>\n \t<li><a href=\"http:\/\/gaq.be\/wp-content\/uploads\/2018\/08\/P-556-2018-Photos-interieur.pdf\">P 556 2018 Photos interieur<\/a><\/li>\n<\/ul>\n<table dir=\"LTR\" border=\"1\" width=\"903\" cellspacing=\"0\" cellpadding=\"9\">\n<tbody>\n<tr>\n<td valign=\"TOP\" width=\"33%\" height=\"22\"><span style=\"font-size: xx-small;\">Demande de <\/span>\n\n<b><\/b><span style=\"font-family: Arial,Arial; font-size: xx-small;\"><b>PERMIS D&#8217;URBANISME <\/b><\/span><\/td>\n<td colspan=\"2\" valign=\"TOP\" width=\"33%\" height=\"22\"><b><\/b><span style=\"font-family: Arial,Arial; font-size: small;\"><b>PU &#8211; P566\/2018 <\/b><\/span><\/td>\n<td valign=\"TOP\" width=\"33%\" height=\"22\">Aanvraag tot\n\n<b><\/b><span style=\"font-family: Arial,Arial; font-size: xx-small;\"><b>STEDENBOUWKUNDIGE VERGUNNING <\/b><\/span><\/td>\n<\/tr>\n<tr>\n<td colspan=\"2\" valign=\"TOP\" width=\"50%\" height=\"13\"><i><\/i><span style=\"font-family: Arial,Arial; font-size: xx-small;\"><i>Le projet suivant est mis \u00e0 l\u2019enqu\u00eate publique. Cet avis ne pr\u00e9juge en rien de la d\u00e9cision de la Ville sur ledit dossier. <\/i><\/span><\/td>\n<td colspan=\"2\" valign=\"TOP\" width=\"50%\" height=\"13\"><i><\/i><span style=\"font-family: Arial,Arial; font-size: xx-small;\"><i>Het volgende project wordt aan openbaar onderzoek onderworpen. Deze kennisgeving houdt geen oordeel in van de Stad aangaande dit dossier. <\/i><\/span><\/td>\n<\/tr>\n<tr>\n<td colspan=\"2\" valign=\"TOP\" width=\"50%\" height=\"24\"><span style=\"font-size: xx-small;\">Adresse du bien : <\/span><b><span style=\"font-family: Arial,Arial; font-size: xx-small;\">Avenue Palmerston de 6 \u00e0 14 Rue des Eburons de 77 \u00e0 79 <\/span><\/b>\n\n<b> <\/b><span style=\"font-size: xx-small;\">Parcelle cadastrale : <\/span><b><span style=\"font-family: Arial,Arial; font-size: xx-small;\">21806\/F\/115\/S,21806\/F\/116\/X\/3 <\/span><\/b><\/td>\n<td colspan=\"2\" valign=\"TOP\" width=\"50%\" height=\"24\"><span style=\"font-size: xx-small;\">Adres van het goed : <\/span><b><span style=\"font-family: Arial,Arial; font-size: xx-small;\">Palmerstonlaan van 6 tot 14 Eburonenstraat van 77 tot 79 <\/span><\/b>\n\n<b> <\/b><span style=\"font-size: xx-small;\">Kadastraal perceel : <\/span><b><span style=\"font-family: Arial,Arial; font-size: xx-small;\">21806\/F\/115\/S,21806\/F\/116\/X\/3 <\/span><\/b><\/td>\n<\/tr>\n<tr>\n<td colspan=\"2\" valign=\"TOP\" width=\"50%\" height=\"6\"><span style=\"font-size: xx-small;\">Identit\u00e9 du demandeur : <\/span><b><span style=\"font-family: Arial,Arial; font-size: xx-small;\">Commission Europ\u00e9enne <\/span><\/b><\/td>\n<td colspan=\"2\" valign=\"TOP\" width=\"50%\" height=\"6\"><span style=\"font-size: xx-small;\">Identiteit van de aanvrager : <\/span><b><span style=\"font-family: Arial,Arial; font-size: xx-small;\">Commission Europ\u00e9enne <\/span><\/b><\/td>\n<\/tr>\n<tr>\n<td colspan=\"2\" valign=\"TOP\" width=\"50%\" height=\"37\">Objet de la demande (nature de l\u2019activit\u00e9 principale) :\n\n<b><\/b><span style=\"font-family: Arial,Arial; font-size: xx-small;\"><b>R\u00e9nover le b\u00e2timent principal sur l\u2019avenue Palmerston, d\u00e9molir les annexes (garages), construire un nouveau b\u00e2timent sur la rue des Eburons (R+2+T) et changer l\u2019affectation de bureau en garderie postscolaire et cr\u00e8che <\/b><\/span><\/td>\n<td colspan=\"2\" valign=\"TOP\" width=\"50%\" height=\"37\">Onderwerp van de aanvraag (aard van de hoofdactiviteit) :\n\n<b><\/b><span style=\"font-family: Arial,Arial; font-size: xx-small;\"><b>renoveren van het hoofdgebouw aan de Palmerstonlaan, afbreken van de bijgebouwen (garages), bouwen van een nieuw gebouw aan de Eburonenstraat, (G+2+D) en wijzigen van de bestemming van kantoren naar buitenschoolse opvang en kinderdagverblijf <\/b><\/span><\/td>\n<\/tr>\n<tr>\n<td colspan=\"2\" valign=\"TOP\" width=\"50%\" height=\"36\">Zone :\n\n<i><\/i><span style=\"font-family: Arial,Arial; font-size: xx-small;\"><i>plan r\u00e9gional d\u2019affectation du sol (P.R.A.S.) adopt\u00e9 par A.G.R.B.C. du 03\/05\/2001 : zone d&#8217;habitation \u00e0 pr\u00e9dominance r\u00e9sidentielle, en zone d&#8217;int\u00e9r\u00eat culturel, historique, esth\u00e9tique ou d&#8217;embellissement, en liser\u00e9 de noyau commercial, le long d&#8217;un espace structurant <\/i><\/span><\/td>\n<td colspan=\"2\" valign=\"TOP\" width=\"50%\" height=\"36\">Gebied :\n\n<i><\/i><span style=\"font-family: Arial,Arial; font-size: xx-small;\"><i>gewestelijk bestemmingsplan (G.B.P) aangenomen bij B.B.H.R. van 03\/05\/2001<\/i><\/span><span style=\"font-size: xx-small;\">: woongebied met residentieel karakter, in een gebied van culturele, historische, esthetische waarde of voor stadsverfraaiing, in een lint voor handelskernen, langs een structurerende ruimte <\/span><\/td>\n<\/tr>\n<tr>\n<td colspan=\"2\" valign=\"TOP\" width=\"50%\" height=\"174\">Motifs principaux de l&#8217;enqu\u00eate :\n\n<span style=\"font-size: xx-small;\">application de la prescription g\u00e9n\u00e9rale 0.6. du PRAS (actes et travaux portant atteinte aux int\u00e9rieurs d&#8217;\u00eelots) \/ application de la prescription g\u00e9n\u00e9rale 0.7.1. du PRAS (\u00e9quipements ne relevant pas des activit\u00e9s autoris\u00e9es par les prescriptions particuli\u00e8res de la zone) \/ application de l&#8217;art. 147 du COBAT: demande soumise \u00e0 rapport d&#8217;incidence (cr\u00e9ation d&#8217;\u00e9quipements sportifs, culturels, de loisirs, scolaires et sociaux dans lesquels plus de 200 m2 sont accessibles aux utilisations de ces \u00e9quipements) \/ d\u00e9rogation \u00e0 l&#8217;art.6 du titre I du RRU (toiture &#8211; hauteur) \/ d\u00e9rogation \u00e0 l&#8217;article 15.3\u00b0 du r\u00e8glement g\u00e9n\u00e9ral sur la b\u00e2tisse des quartiers entourant les squares&#8230; (mat\u00e9riaux de rev\u00eatement principal des fa\u00e7ades visibles de la voie publique (soubassement)) \/ application de la prescription particuli\u00e8re 1.5.2\u00b0 du PRAS (modifications des caract\u00e9ristiques urbanistiques des constructions) \/ d\u00e9rogation \u00e0 l&#8217;art.4 du titre I du RRU (profondeur de la construction) \/ d\u00e9rogation \u00e0 l&#8217;art.5 du titre I du RRU (hauteur de la fa\u00e7ade avant) \/ d\u00e9rogation \u00e0 l&#8217;article 6. du r\u00e8glement g\u00e9n\u00e9ral sur la b\u00e2tisse des quartiers entourant les squares&#8230; (limite arri\u00e8re de construction) \/ d\u00e9rogation \u00e0 l&#8217;article 26. du r\u00e8glement g\u00e9n\u00e9ral sur la b\u00e2tisse des quartiers entourant les squares&#8230; (cours) \/ d\u00e9rogation \u00e0 l&#8217;article 6. du r\u00e8glement g\u00e9n\u00e9ral sur la b\u00e2tisse des quartiers entourant les squares&#8230; (parcelles traversantes) <\/span><\/td>\n<td colspan=\"2\" valign=\"TOP\" width=\"50%\" height=\"174\">Hoofdmotieven van het onderzoek :\n\n<span style=\"font-size: xx-small;\">toepassing van het algemeen voorschrift 0.6. van het GBP (handelingen en werken die het binnenterrein van huizenblokken aantasten) \/ toepassing van het algemeen voorschrift 0.7.1. van het GBP (voorzieningen die geen deel uitmaken van de door de bijzondere voorschriften van het gebied toegestane activiteiten) \/ toepassing van art. 147 van het BWRO : aanvraag onderworpen aan een effectenrapport (cre\u00ebren van sport-, culturele, vrijetijds-, school- en sociale voorzieningen waarin meer dan 200m\u00b2 toegankelijk is voor het gebruik van die voorzieningen ) \/ afwijking op art.6 van titel I van de GSV (dak &#8211; hoogte) \/ afwijking op artikel 15.3\u00b0 van de Algemene bouwverordening voor de wijken rond de squares&#8230; (materialen voor hoofdbekleding van gevels, zichtbaar vanaf de openbare weg (sokkel)) \/ toepassing van het bijzonder voorschrift 1.5.2\u00b0 van het GBP (wijzigingen van het stedenbouwkundig karakter van de bouwwerken) \/ afwijking op art.4 van titel I van de GSV (diepte van de bouwwerken) \/ afwijking op art.5 van titel I van de GSV (hoogte van de voorgevel) \/ afwijking op artikel 6. van de Algemene bouwverordening voor de wijken rond de squares&#8230; (achterste grens van het bouwwerk) \/ afwijking op artikel 26. van de Algemene bouwverordening voor de wijken rond de squares&#8230; (binnenplaatsen) \/ afwijking op artikel 7. van de Algemene bouwverordening voor de wijken rond de squares&#8230; (doorlopende percelen) <\/span><\/td>\n<\/tr>\n<tr>\n<td colspan=\"2\" valign=\"TOP\" width=\"50%\" height=\"53\"><span style=\"font-size: xx-small;\">L\u2019enqu\u00eate publique se d\u00e9roule <\/span><b><span style=\"font-family: Arial,Arial; font-size: xx-small;\">du 25\/08\/2018 au 08\/09\/2018 <\/span><\/b><\/td>\n<td colspan=\"2\" valign=\"TOP\" width=\"50%\" height=\"53\"><span style=\"font-size: xx-small;\">Het openbaar onderzoek vindt plaats <\/span><b><span style=\"font-family: Arial,Arial; font-size: xx-small;\">van 25\/08\/2018 tot 08\/09\/2018 <\/span><\/b><\/td>\n<\/tr>\n<tr>\n<td colspan=\"2\" valign=\"TOP\" width=\"50%\" height=\"90\"><\/td>\n<td colspan=\"2\" valign=\"TOP\" width=\"50%\" height=\"90\"><\/td>\n<\/tr>\n<tr>\n<td colspan=\"2\" valign=\"TOP\" width=\"50%\" height=\"85\"><b><\/b><span style=\"font-family: Arial,Arial; font-size: xx-small;\"><b>La r\u00e9union de la Commission de concertation est fix\u00e9e au mardi 18 septembre 2018 <\/b><\/span><span style=\"font-size: xx-small;\">au Centre Administratif de la Ville de Bruxelles, bd. Anspach, 6 &#8211; 1000 Bruxelles (t\u00e9l.02.279.29.29) \u00e0 une heure qui reste \u00e0 fixer. <\/span><\/td>\n<td colspan=\"2\" valign=\"TOP\" width=\"50%\" height=\"85\"><b><span style=\"font-family: Arial,Arial; font-size: xx-small;\">De vergadering van de Overlegcommissie vindt plaats op dinsdag 18 september 2018 <\/span><\/b><span style=\"font-size: xx-small;\">in het Administratief Centrum van de Stad Brussel, Anspachlaan, 6 &#8211; 1000 Brussel (tel. 02.279.29.29) op een nog nader te bepalen tijdstip. <\/span><\/td>\n<\/tr>\n<\/tbody>\n<\/table>","protected":false},"excerpt":{"rendered":"<p>Article sur le site de la RTBF: https:\/\/www.rtbf.be\/info\/regions\/detail_bruxelles-le-chantier-europeen-qui-menace-l-hotel-van-eetvelde-de-victor-horta?id=10017426 PDF: Avenue_Palmerston_de_6_a_14-Rue_des_Eburons_de_77_a_79_PU-P5662018_1 Petiton &#8211; Urgent &#8211; il faut r\u00e9agir avant ce vendredi soir 07 septembre 2018 Documents techniques: P 556 2018 photos [&hellip;]<\/p>\n","protected":false},"author":55,"featured_media":0,"comment_status":"open","ping_status":"closed","sticky":false,"template":"","format":"standard","meta":{"_EventAllDay":false,"_EventTimezone":"","_EventStartDate":"","_EventEndDate":"","_EventStartDateUTC":"","_EventEndDateUTC":"","_EventShowMap":false,"_EventShowMapLink":false,"_EventURL":"","_EventCost":"","_EventCostDescription":"","_EventCurrencySymbol":"","_EventCurrencyCode":"","_EventCurrencyPosition":"","_EventDateTimeSeparator":"","_EventTimeRangeSeparator":"","_EventOrganizerID":[],"_EventVenueID":[],"_OrganizerEmail":"","_OrganizerPhone":"","_OrganizerWebsite":"","_VenueAddress":"","_VenueCity":"","_VenueCountry":"","_VenueProvince":"","_VenueState":"","_VenueZip":"","_VenuePhone":"","_VenueURL":"","_VenueStateProvince":"","_VenueLat":"","_VenueLng":"","_VenueShowMap":false,"_VenueShowMapLink":false,"footnotes":""},"categories":[145,144],"tags":[],"class_list":["post-557","post","type-post","status-publish","format-standard","hentry","category-divers","category-urbanisme"],"_links":{"self":[{"href":"https:\/\/gaq.be\/nl\/wp-json\/wp\/v2\/posts\/557","targetHints":{"allow":["GET"]}}],"collection":[{"href":"https:\/\/gaq.be\/nl\/wp-json\/wp\/v2\/posts"}],"about":[{"href":"https:\/\/gaq.be\/nl\/wp-json\/wp\/v2\/types\/post"}],"author":[{"embeddable":true,"href":"https:\/\/gaq.be\/nl\/wp-json\/wp\/v2\/users\/55"}],"replies":[{"embeddable":true,"href":"https:\/\/gaq.be\/nl\/wp-json\/wp\/v2\/comments?post=557"}],"version-history":[{"count":6,"href":"https:\/\/gaq.be\/nl\/wp-json\/wp\/v2\/posts\/557\/revisions"}],"predecessor-version":[{"id":718,"href":"https:\/\/gaq.be\/nl\/wp-json\/wp\/v2\/posts\/557\/revisions\/718"}],"wp:attachment":[{"href":"https:\/\/gaq.be\/nl\/wp-json\/wp\/v2\/media?parent=557"}],"wp:term":[{"taxonomy":"category","embeddable":true,"href":"https:\/\/gaq.be\/nl\/wp-json\/wp\/v2\/categories?post=557"},{"taxonomy":"post_tag","embeddable":true,"href":"https:\/\/gaq.be\/nl\/wp-json\/wp\/v2\/tags?post=557"}],"curies":[{"name":"wp","href":"https:\/\/api.w.org\/{rel}","templated":true}]}}