{"id":561,"date":"2018-08-29T14:14:02","date_gmt":"2018-08-29T12:14:02","guid":{"rendered":"http:\/\/gaq.be\/?p=561"},"modified":"2018-09-06T20:59:50","modified_gmt":"2018-09-06T18:59:50","slug":"rue-du-commerce-124-en-enquete-du-31-aout-au-14-septembre-2018","status":"publish","type":"post","link":"https:\/\/gaq.be\/nl\/rue-du-commerce-124-en-enquete-du-31-aout-au-14-septembre-2018\/","title":{"rendered":"rue du Commerce 124, en enqu\u00eate du 31 ao\u00fbt au 14 septembre 2018"},"content":{"rendered":"\n<div class=\"wp-block-group has-global-padding is-layout-constrained wp-block-group-is-layout-constrained\" style=\"padding-bottom:var(--wp--preset--spacing--40)\"><div class=\"wp-block-gaq-post-header\">\n    \n        <div class=\"post-header__content\">\n        <p class=\"post-header__date\"><span>Gepubliceerd op<\/span> : 29 augustus 2018        <\/p>\n                        <p class=\"post-header__categories\">\n                                        <span class=\"post__category post__category-icon sector__divers-blue\">\n                            Divers                        <\/span>\n                                            <span class=\"post__category post__category-icon sector__urban-blue\">\n                            Urbanisme                        <\/span>\n                                    <\/p>\n                <\/div>\n<\/div><\/div>\n\nLes fichiers PDF:\r\n<ul>\r\n \t<li><a href=\"http:\/\/gaq.be\/wp-content\/uploads\/2018\/08\/C575-2018-photos.pdf\">C575 2018 photos<\/a><\/li>\r\n \t<li><a href=\"http:\/\/gaq.be\/wp-content\/uploads\/2018\/08\/C575-2018-plans-A3.pdf\">C575 2018 plans A3<\/a><\/li>\r\n \t<li><a href=\"http:\/\/gaq.be\/wp-content\/uploads\/2018\/08\/C575-2018-PV-de-lAGO.pdf\">C575 2018 PV de l&#8217;AGO<\/a><\/li>\r\n \t<li><a href=\"http:\/\/gaq.be\/wp-content\/uploads\/2018\/08\/C575-2018-statistique-.pdf\">C575 2018 statistique<\/a><\/li>\r\n \t<li><a href=\"http:\/\/gaq.be\/wp-content\/uploads\/2018\/08\/04PUFD666521_AFFEP_13___821812878.doc\">04PUFD666521_AFFEP_13___821812878<\/a><\/li>\r\n \t<li><a href=\"http:\/\/gaq.be\/wp-content\/uploads\/2018\/08\/C575-2018-certificat-de-propri\u251c\u00aet\u251c\u00ae.pdf\">C575 2018 certificat de propri\u251c\u00aet\u251c\u00ae<\/a><\/li>\r\n \t<li><a href=\"http:\/\/gaq.be\/wp-content\/uploads\/2018\/08\/C575-2018-demande-davis-du-FD.pdf\">C575 2018 demande d&#8217;avis du FD<\/a><\/li>\r\n \t<li><a href=\"http:\/\/gaq.be\/wp-content\/uploads\/2018\/08\/C575-2018-demande.pdf\">C575 2018 demande<\/a><\/li>\r\n \t<li><a href=\"http:\/\/gaq.be\/wp-content\/uploads\/2018\/08\/C575-2018-note-explicative.pdf\">C575 2018 note explicative<\/a><\/li>\r\n \t<li><a href=\"http:\/\/gaq.be\/wp-content\/uploads\/2018\/08\/C575-2018-PEB.pdf\">C575 2018 PEB<\/a><\/li>\r\n<\/ul>\r\n<table dir=\"LTR\" border=\"1\" width=\"902\" cellspacing=\"0\" cellpadding=\"9\">\r\n<tbody>\r\n<tr>\r\n<td valign=\"TOP\" width=\"33%\" height=\"29\"><span style=\"font-size: small;\">Demande de <\/span>\r\n\r\n<b><\/b><span style=\"font-family: Arial,Arial; font-size: small;\"><b>PERMIS D&#8217;URBANISME <\/b><\/span><\/td>\r\n<td colspan=\"2\" valign=\"TOP\" width=\"33%\" height=\"29\">art.175\r\n\r\n<span style=\"font-family: Arial,Arial; font-size: medium;\"><b>PU &#8211; C575\/2018 <\/b><\/span><\/td>\r\n<td valign=\"TOP\" width=\"33%\" height=\"29\">Aanvraag tot\r\n\r\n<b><\/b><span style=\"font-family: Arial,Arial; font-size: small;\"><b>STEDENBOUWKUNDIGE VERGUNNING <\/b><\/span><\/td>\r\n<\/tr>\r\n<tr>\r\n<td colspan=\"2\" valign=\"TOP\" width=\"50%\" height=\"12\"><i><\/i><span style=\"font-family: Arial,Arial; font-size: xx-small;\"><i>Le projet suivant est mis \u00e0 l\u2019enqu\u00eate publique. Cet avis ne pr\u00e9juge en rien de la d\u00e9cision de la Ville sur ledit dossier. <\/i><\/span><\/td>\r\n<td colspan=\"2\" valign=\"TOP\" width=\"50%\" height=\"12\"><i><\/i><span style=\"font-family: Arial,Arial; font-size: xx-small;\"><i>Het volgende project wordt aan openbaar onderzoek onderworpen. Deze kennisgeving houdt geen oordeel in van de Stad aangaande dit dossier. <\/i><\/span><\/td>\r\n<\/tr>\r\n<tr>\r\n<td colspan=\"2\" valign=\"TOP\" width=\"50%\" height=\"20\"><span style=\"font-size: small;\">Adresse du bien : <\/span><b><span style=\"font-family: Arial,Arial; font-size: small;\">Rue du Commerce 124 <\/span><\/b>\r\n\r\n<b> <\/b><span style=\"font-size: small;\">Parcelle cadastrale : <\/span><b><span style=\"font-family: Arial,Arial; font-size: small;\">21805\/E\/143\/d <\/span><\/b><\/td>\r\n<td colspan=\"2\" valign=\"TOP\" width=\"50%\" height=\"20\"><span style=\"font-size: small;\">Adres van het goed : <\/span><b><span style=\"font-family: Arial,Arial; font-size: small;\">Handelsstraat 124 <\/span><\/b>\r\n\r\n<b> <\/b><span style=\"font-size: small;\">Kadastraal perceel : <\/span><b><span style=\"font-family: Arial,Arial; font-size: small;\">21805\/E\/143\/d <\/span><\/b><\/td>\r\n<\/tr>\r\n<tr>\r\n<td colspan=\"2\" valign=\"TOP\" width=\"50%\" height=\"17\"><span style=\"font-size: small;\">Identit\u00e9 du demandeur : <\/span><b><span style=\"font-family: Arial,Arial; font-size: small;\">Copropri\u00e9t\u00e9 ACP COMMERCE 124 c\/o Couet &amp; Associ\u00e9s <\/span><\/b><\/td>\r\n<td colspan=\"2\" valign=\"TOP\" width=\"50%\" height=\"17\"><span style=\"font-size: small;\">Identiteit van de aanvrager : <\/span><b><span style=\"font-family: Arial,Arial; font-size: small;\">Copropri\u00e9t\u00e9 ACP COMMERCE 124 c\/o Couet &amp; Associ\u00e9s <\/span><\/b><\/td>\r\n<\/tr>\r\n<tr>\r\n<td colspan=\"2\" valign=\"TOP\" width=\"50%\" height=\"36\">Objet de la demande (nature de l\u2019activit\u00e9 principale) :\r\n\r\n<b><\/b><span style=\"font-family: Arial,Arial; font-size: small;\"><b>Transformer la fa\u00e7ade et le hall d\u2019entr\u00e9e au rez-de-chauss\u00e9e d\u2019un immeuble de bureaux. <\/b><\/span><\/td>\r\n<td colspan=\"2\" valign=\"TOP\" width=\"50%\" height=\"36\">Onderwerp van de aanvraag (aard van de hoofdactiviteit) :\r\n\r\n<b><\/b><span style=\"font-family: Arial,Arial; font-size: small;\"><b>Verbouwen van de voorgevel en de inkomhal op het gelijkvloers van een kantoorgebouw. <\/b><\/span><\/td>\r\n<\/tr>\r\n<tr>\r\n<td colspan=\"2\" valign=\"TOP\" width=\"50%\" height=\"46\">Zone :\r\n\r\n<i><\/i><span style=\"font-family: Arial,Arial; font-size: small;\"><i>plan r\u00e9gional d\u2019affectation du sol (P.R.A.S.) adopt\u00e9 par A.G.R.B.C. du 03\/05\/2001 : zone administrative, en zone d&#8217;int\u00e9r\u00eat culturel, historique, esth\u00e9tique ou d&#8217;embellissement <\/i><\/span><\/td>\r\n<td colspan=\"2\" valign=\"TOP\" width=\"50%\" height=\"46\">Gebied :\r\n\r\n<i><\/i><span style=\"font-family: Arial,Arial; font-size: small;\"><i>gewestelijk bestemmingsplan (G.B.P) aangenomen bij B.B.H.R. van 03\/05\/2001<\/i><\/span><span style=\"font-size: small;\">: administratiegebied, in een gebied van culturele, historische, esthetische waarde of voor stadsverfraaiing <\/span><\/td>\r\n<\/tr>\r\n<tr>\r\n<td colspan=\"2\" valign=\"TOP\" width=\"50%\" height=\"46\">Motifs principaux de l&#8217;enqu\u00eate :\r\n\r\n<span style=\"font-size: small;\">application de la prescription particuli\u00e8re 7.4. du PRAS (modifications des caract\u00e9ristiques urbanistiques des constructions et installations s&#8217;accordant avec celles du cadre urbain environnant) <\/span><\/td>\r\n<td colspan=\"2\" valign=\"TOP\" width=\"50%\" height=\"46\">Hoofdmotieven van het onderzoek :\r\n\r\n<span style=\"font-size: small;\">toepassing van het bijzonder voorschrift 7.4. van het GBP (wijzigingen van het stedenbouwkundig karakter van de bouwwerken) <\/span><\/td>\r\n<\/tr>\r\n<tr>\r\n<td colspan=\"2\" valign=\"TOP\" width=\"50%\" height=\"75\"><span style=\"font-size: small;\">L\u2019enqu\u00eate publique se d\u00e9roule <\/span><b><span style=\"font-family: Arial,Arial; font-size: small;\">du 25\/08\/2018 au 08\/09\/2018 <\/span><\/b>\r\n\r\n&nbsp;<\/td>\r\n<td colspan=\"2\" valign=\"TOP\" width=\"50%\" height=\"75\"><span style=\"font-size: small;\">Het openbaar onderzoek vindt plaats <\/span><b><span style=\"font-family: Arial,Arial; font-size: small;\">van 25\/08\/2018 tot 08\/09\/2018 <\/span><\/b>\r\n\r\n&nbsp;<\/td>\r\n<\/tr>\r\n<tr>\r\n<td colspan=\"2\" valign=\"TOP\" width=\"50%\" height=\"132\"><\/td>\r\n<td colspan=\"2\" valign=\"TOP\" width=\"50%\" height=\"132\"><\/td>\r\n<\/tr>\r\n<tr>\r\n<td colspan=\"2\" valign=\"TOP\" width=\"50%\" height=\"123\"><b><\/b><span style=\"font-family: Arial,Arial; font-size: small;\"><b>La r\u00e9union de la Commission de concertation est fix\u00e9e au mardi 18 septembre 2018 <\/b><\/span><span style=\"font-size: small;\">au Centre Administratif de la Ville de Bruxelles, bd. Anspach, 6 &#8211; 1000 Bruxelles (t\u00e9l.02.279.29.29) \u00e0 une heure qui reste \u00e0 fixer. <\/span>\r\n\r\n&nbsp;<\/td>\r\n<td colspan=\"2\" valign=\"TOP\" width=\"50%\" height=\"123\"><b><span style=\"font-family: Arial,Arial; font-size: small;\">De vergadering van de Overlegcommissie vindt plaats op dinsdag 18 september 2018 <\/span><\/b><span style=\"font-size: small;\">in het Administratief Centrum van de Stad Brussel, Anspachlaan, 6 &#8211; 1000 Brussel (tel. 02.279.29.29) op een nog nader te bepalen tijdstip.\u00a0 <\/span><\/td>\r\n<\/tr>\r\n<\/tbody>\r\n<\/table>","protected":false},"excerpt":{"rendered":"<p>Les fichiers PDF: C575 2018 photos C575 2018 plans A3 C575 2018 PV de l&#8217;AGO C575 2018 statistique 04PUFD666521_AFFEP_13___821812878 C575 2018 certificat de propri\u251c\u00aet\u251c\u00ae C575 2018 demande d&#8217;avis du FD [&hellip;]<\/p>\n","protected":false},"author":55,"featured_media":0,"comment_status":"open","ping_status":"closed","sticky":false,"template":"","format":"standard","meta":{"_EventAllDay":false,"_EventTimezone":"","_EventStartDate":"","_EventEndDate":"","_EventStartDateUTC":"","_EventEndDateUTC":"","_EventShowMap":false,"_EventShowMapLink":false,"_EventURL":"","_EventCost":"","_EventCostDescription":"","_EventCurrencySymbol":"","_EventCurrencyCode":"","_EventCurrencyPosition":"","_EventDateTimeSeparator":"","_EventTimeRangeSeparator":"","_EventOrganizerID":[],"_EventVenueID":[],"_OrganizerEmail":"","_OrganizerPhone":"","_OrganizerWebsite":"","_VenueAddress":"","_VenueCity":"","_VenueCountry":"","_VenueProvince":"","_VenueState":"","_VenueZip":"","_VenuePhone":"","_VenueURL":"","_VenueStateProvince":"","_VenueLat":"","_VenueLng":"","_VenueShowMap":false,"_VenueShowMapLink":false,"footnotes":""},"categories":[145,144],"tags":[],"class_list":["post-561","post","type-post","status-publish","format-standard","hentry","category-divers","category-urbanisme"],"_links":{"self":[{"href":"https:\/\/gaq.be\/nl\/wp-json\/wp\/v2\/posts\/561","targetHints":{"allow":["GET"]}}],"collection":[{"href":"https:\/\/gaq.be\/nl\/wp-json\/wp\/v2\/posts"}],"about":[{"href":"https:\/\/gaq.be\/nl\/wp-json\/wp\/v2\/types\/post"}],"author":[{"embeddable":true,"href":"https:\/\/gaq.be\/nl\/wp-json\/wp\/v2\/users\/55"}],"replies":[{"embeddable":true,"href":"https:\/\/gaq.be\/nl\/wp-json\/wp\/v2\/comments?post=561"}],"version-history":[{"count":4,"href":"https:\/\/gaq.be\/nl\/wp-json\/wp\/v2\/posts\/561\/revisions"}],"predecessor-version":[{"id":613,"href":"https:\/\/gaq.be\/nl\/wp-json\/wp\/v2\/posts\/561\/revisions\/613"}],"wp:attachment":[{"href":"https:\/\/gaq.be\/nl\/wp-json\/wp\/v2\/media?parent=561"}],"wp:term":[{"taxonomy":"category","embeddable":true,"href":"https:\/\/gaq.be\/nl\/wp-json\/wp\/v2\/categories?post=561"},{"taxonomy":"post_tag","embeddable":true,"href":"https:\/\/gaq.be\/nl\/wp-json\/wp\/v2\/tags?post=561"}],"curies":[{"name":"wp","href":"https:\/\/api.w.org\/{rel}","templated":true}]}}