{"id":5659,"date":"2020-10-22T21:29:46","date_gmt":"2020-10-22T19:29:46","guid":{"rendered":"http:\/\/gaq.be\/?p=5659"},"modified":"2020-10-29T23:58:06","modified_gmt":"2020-10-29T22:58:06","slug":"rue-stevin-118-29-10","status":"publish","type":"post","link":"https:\/\/gaq.be\/nl\/rue-stevin-118-29-10\/","title":{"rendered":"Rue Stevin 118 &#8211;> 29\/10"},"content":{"rendered":"\n<div class=\"wp-block-group has-global-padding is-layout-constrained wp-block-group-is-layout-constrained\" style=\"padding-bottom:var(--wp--preset--spacing--40)\"><div class=\"wp-block-gaq-post-header\">\n    \n        <div class=\"post-header__content\">\n        <p class=\"post-header__date\"><span>Gepubliceerd op<\/span> : 22 oktober 2020        <\/p>\n                        <p class=\"post-header__categories\">\n                                        <span class=\"post__category post__category-icon sector__divers-blue\">\n                            Divers                        <\/span>\n                                            <span class=\"post__category post__category-icon sector__urban-blue\">\n                            Urbanisme                        <\/span>\n                                    <\/p>\n                <\/div>\n<\/div><\/div>\n\n\n<p>transformer et r\u00e9hausser la toiture d&#8217;un immeuble de rapport (rez +2 + TV), diviser une maison unifamiliale en 3 unit\u00e9s de logements et mettre en conformit\u00e9 l\u2019activit\u00e9 productive artisanale au rez-de-chauss\u00e9e ;<br>verbouwen en verhogen van het dak van een gebouw (G+2+D), indelen van een \u00e9\u00e9ngezinswoning in 3 woningen en in overeenstemming brengen van de productieve activiteit op het gelijkvloers ;<\/p>\n\n\n\n<p><a href=\"http:\/\/gaq.be\/wp-content\/uploads\/2020\/10\/2020-10-25-stevin-118.pdf\" data-type=\"URL\" data-id=\"http:\/\/gaq.be\/wp-content\/uploads\/2020\/10\/2020-10-25-stevin-118.pdf\" target=\"_blank\" rel=\"noreferrer noopener\">Brief aan overlegcommissie<\/a><\/p>\n\n\n\n<p>Affiche rouge: <a rel=\"noreferrer noopener\" href=\"https:\/\/www.brussel.be\/sites\/default\/files\/public-inquiry\/Rue_Stevin_118_PU-S7602019.pdf\" target=\"_blank\">Stevinstraat 118 (PU-S7602019)<\/a><\/p>\n\n\n\n<p>Plans:<\/p>\n\n\n\n<div class=\"wp-block-file\"><a href=\"http:\/\/gaq.be\/wp-content\/uploads\/2020\/10\/2020-01-22-Note-explicative-stevin-118-annexes.pdf\">2020-01-22-Note-explicative-stevin-118-annexes<\/a><a href=\"http:\/\/gaq.be\/wp-content\/uploads\/2020\/10\/2020-01-22-Note-explicative-stevin-118-annexes.pdf\" class=\"wp-block-file__button\" download>Download<\/a><\/div>\n\n\n\n<div class=\"wp-block-file\"><a href=\"http:\/\/gaq.be\/wp-content\/uploads\/2020\/10\/2019-06-05-rapport-photo-118-rue-Stevin-.pdf\">2019-06-05-rapport-photo-118-rue-Stevin-<\/a><a href=\"http:\/\/gaq.be\/wp-content\/uploads\/2020\/10\/2019-06-05-rapport-photo-118-rue-Stevin-.pdf\" class=\"wp-block-file__button\" download>Download<\/a><\/div>\n\n\n\n<div class=\"wp-block-file\"><a href=\"http:\/\/gaq.be\/wp-content\/uploads\/2020\/10\/2019-09-04-formulaire-statistiques-modele-1.pdf\">2019-09-04-formulaire-statistiques-modele-1<\/a><a href=\"http:\/\/gaq.be\/wp-content\/uploads\/2020\/10\/2019-09-04-formulaire-statistiques-modele-1.pdf\" class=\"wp-block-file__button\" download>Download<\/a><\/div>\n\n\n\n<div class=\"wp-block-file\"><a href=\"http:\/\/gaq.be\/wp-content\/uploads\/2020\/10\/2019-11-07-Situation-existante-Stevin-PU-sit-exit-1538x914-1.pdf\">2019-11-07-Situation-existante-Stevin-PU-sit-exit-1538&#215;914-1<\/a><a href=\"http:\/\/gaq.be\/wp-content\/uploads\/2020\/10\/2019-11-07-Situation-existante-Stevin-PU-sit-exit-1538x914-1.pdf\" class=\"wp-block-file__button\" download>Download<\/a><\/div>\n\n\n\n<div class=\"wp-block-file\"><a href=\"http:\/\/gaq.be\/wp-content\/uploads\/2020\/10\/2019-11-07-Situation-projetee-Stevin-PU-sit-pro-1687x914-1.pdf\">2019-11-07-Situation-projetee-Stevin-PU-sit-pro-1687&#215;914-1<\/a><a href=\"http:\/\/gaq.be\/wp-content\/uploads\/2020\/10\/2019-11-07-Situation-projetee-Stevin-PU-sit-pro-1687x914-1.pdf\" class=\"wp-block-file__button\" download>Download<\/a><\/div>\n\n\n\n<div class=\"wp-block-file\"><a href=\"http:\/\/gaq.be\/wp-content\/uploads\/2020\/10\/2019-11-07-PU_ANNEXE-1.pdf\">2019-11-07-PU_ANNEXE-1<\/a><a href=\"http:\/\/gaq.be\/wp-content\/uploads\/2020\/10\/2019-11-07-PU_ANNEXE-1.pdf\" class=\"wp-block-file__button\" download>Download<\/a><\/div>\n\n\n\n<div class=\"wp-block-file\"><a href=\"http:\/\/gaq.be\/wp-content\/uploads\/2020\/10\/2020-01-20-integration.pdf\">2020-01-20-integration<\/a><a href=\"http:\/\/gaq.be\/wp-content\/uploads\/2020\/10\/2020-01-20-integration.pdf\" class=\"wp-block-file__button\" download>Download<\/a><\/div>\n\n\n\n<div class=\"wp-block-file\"><a href=\"http:\/\/gaq.be\/wp-content\/uploads\/2020\/10\/PROPOSITION-PEB_Rue-Stevin-118_20200121.pdf\">PROPOSITION-PEB_Rue-Stevin-118_20200121<\/a><a href=\"http:\/\/gaq.be\/wp-content\/uploads\/2020\/10\/PROPOSITION-PEB_Rue-Stevin-118_20200121.pdf\" class=\"wp-block-file__button\" download>Download<\/a><\/div>\n\n\n\n<div class=\"wp-block-file\"><a href=\"http:\/\/gaq.be\/wp-content\/uploads\/2020\/10\/RAPPORT-PEB_Rue-Stevin-118_20200121.pdf\">RAPPORT-PEB_Rue-Stevin-118_20200121<\/a><a href=\"http:\/\/gaq.be\/wp-content\/uploads\/2020\/10\/RAPPORT-PEB_Rue-Stevin-118_20200121.pdf\" class=\"wp-block-file__button\" download>Download<\/a><\/div>\n\n\n\n<div class=\"wp-block-file\"><a href=\"http:\/\/gaq.be\/wp-content\/uploads\/2020\/10\/siamu-avis.pdf\">siamu-avis<\/a><a href=\"http:\/\/gaq.be\/wp-content\/uploads\/2020\/10\/siamu-avis.pdf\" class=\"wp-block-file__button\" download>Download<\/a><\/div>\n","protected":false},"excerpt":{"rendered":"<p>transformer et r\u00e9hausser la toiture d&#8217;un immeuble de rapport (rez +2 + TV), diviser une maison unifamiliale en 3 unit\u00e9s de logements et mettre en conformit\u00e9 l\u2019activit\u00e9 productive artisanale au [&hellip;]<\/p>\n","protected":false},"author":62,"featured_media":0,"comment_status":"open","ping_status":"closed","sticky":false,"template":"","format":"standard","meta":{"_EventAllDay":false,"_EventTimezone":"","_EventStartDate":"","_EventEndDate":"","_EventStartDateUTC":"","_EventEndDateUTC":"","_EventShowMap":false,"_EventShowMapLink":false,"_EventURL":"","_EventCost":"","_EventCostDescription":"","_EventCurrencySymbol":"","_EventCurrencyCode":"","_EventCurrencyPosition":"","_EventDateTimeSeparator":"","_EventTimeRangeSeparator":"","_EventOrganizerID":[],"_EventVenueID":[],"_OrganizerEmail":"","_OrganizerPhone":"","_OrganizerWebsite":"","_VenueAddress":"","_VenueCity":"","_VenueCountry":"","_VenueProvince":"","_VenueState":"","_VenueZip":"","_VenuePhone":"","_VenueURL":"","_VenueStateProvince":"","_VenueLat":"","_VenueLng":"","_VenueShowMap":false,"_VenueShowMapLink":false,"footnotes":""},"categories":[145,144],"tags":[],"class_list":["post-5659","post","type-post","status-publish","format-standard","hentry","category-divers","category-urbanisme"],"_links":{"self":[{"href":"https:\/\/gaq.be\/nl\/wp-json\/wp\/v2\/posts\/5659","targetHints":{"allow":["GET"]}}],"collection":[{"href":"https:\/\/gaq.be\/nl\/wp-json\/wp\/v2\/posts"}],"about":[{"href":"https:\/\/gaq.be\/nl\/wp-json\/wp\/v2\/types\/post"}],"author":[{"embeddable":true,"href":"https:\/\/gaq.be\/nl\/wp-json\/wp\/v2\/users\/62"}],"replies":[{"embeddable":true,"href":"https:\/\/gaq.be\/nl\/wp-json\/wp\/v2\/comments?post=5659"}],"version-history":[{"count":4,"href":"https:\/\/gaq.be\/nl\/wp-json\/wp\/v2\/posts\/5659\/revisions"}],"predecessor-version":[{"id":5756,"href":"https:\/\/gaq.be\/nl\/wp-json\/wp\/v2\/posts\/5659\/revisions\/5756"}],"wp:attachment":[{"href":"https:\/\/gaq.be\/nl\/wp-json\/wp\/v2\/media?parent=5659"}],"wp:term":[{"taxonomy":"category","embeddable":true,"href":"https:\/\/gaq.be\/nl\/wp-json\/wp\/v2\/categories?post=5659"},{"taxonomy":"post_tag","embeddable":true,"href":"https:\/\/gaq.be\/nl\/wp-json\/wp\/v2\/tags?post=5659"}],"curies":[{"name":"wp","href":"https:\/\/api.w.org\/{rel}","templated":true}]}}