{"id":571,"date":"2018-09-05T18:52:43","date_gmt":"2018-09-05T16:52:43","guid":{"rendered":"http:\/\/gaq.be\/?p=571"},"modified":"2018-11-13T10:28:08","modified_gmt":"2018-11-13T09:28:08","slug":"petition-eburons-77","status":"publish","type":"post","link":"https:\/\/gaq.be\/nl\/petition-eburons-77\/","title":{"rendered":"Non \u00e0 la construction d\u2019un immeuble mastodonte dans une zone prot\u00e9g\u00e9e par l\u2019UNESCO"},"content":{"rendered":"\n<div class=\"wp-block-group has-global-padding is-layout-constrained wp-block-group-is-layout-constrained\" style=\"padding-bottom:var(--wp--preset--spacing--40)\"><div class=\"wp-block-gaq-post-header\">\n    \n        <div class=\"post-header__content\">\n        <p class=\"post-header__date\"><span>Gepubliceerd op<\/span> : 5 september 2018        <\/p>\n                        <p class=\"post-header__categories\">\n                                        <span class=\"post__category post__category-icon sector__divers-blue\">\n                            Divers                        <\/span>\n                                            <span class=\"post__category post__category-icon sector__urban-blue\">\n                            Urbanisme                        <\/span>\n                                    <\/p>\n                <\/div>\n<\/div><\/div>\n\nArticle sur le site de la RTBF: <a href=\"https:\/\/www.rtbf.be\/info\/regions\/detail_bruxelles-le-chantier-europeen-qui-menace-l-hotel-van-eetvelde-de-victor-horta?id=10017426\">https:\/\/www.rtbf.be\/info\/regions\/detail_bruxelles-le-chantier-europeen-qui-menace-l-hotel-van-eetvelde-de-victor-horta?id=10017426<\/a>\n\n&#8212;&#8212;&#8212;&#8212;&#8212;&#8212;&#8212;&#8212;&#8212;&#8212;&#8212;&#8212;&#8212;&#8212;&#8212;&#8211;\n\nEn bas l&#8217;appel d&#8217;un de nos membres concernant la demande de permis <strong>d\u00e9taill\u00e9 <a href=\"http:\/\/gaq.be\/2018\/09\/eburons-77\/\" target=\"_blank\" rel=\"noopener\">ici<\/a> <\/strong>(Members only).\n\n<strong>Urgent<\/strong>: il faut r\u00e9agir <strong>avant ce vendredi soir 07 septembre 2018<\/strong>\n\n<hr \/>\n\nChers tous,\n\nUne enqu\u00eate publique du 25\/08 au 08\/09 vient de s&#8217;ouvrir pour construction d\u2019un immeuble \u00e0 la <strong>Rue des Eburons 77-79<\/strong>, 1000 Bruxelles<strong>, au c\u0153ur du quartier Art Nouveau<\/strong>.\n\n<a href=\"http:\/\/gaq.be\/wp-content\/uploads\/2018\/09\/Eburons-77.jpg\"><img loading=\"lazy\" decoding=\"async\" class=\"aligncenter wp-image-572\" src=\"http:\/\/gaq.be\/wp-content\/uploads\/2018\/09\/Eburons-77-300x224.jpg\" alt=\"\" width=\"451\" height=\"337\" srcset=\"https:\/\/gaq.be\/wp-content\/uploads\/2018\/09\/Eburons-77-300x224.jpg 300w, https:\/\/gaq.be\/wp-content\/uploads\/2018\/09\/Eburons-77-600x450.jpg 600w, https:\/\/gaq.be\/wp-content\/uploads\/2018\/09\/Eburons-77-768x574.jpg 768w, https:\/\/gaq.be\/wp-content\/uploads\/2018\/09\/Eburons-77-1024x766.jpg 1024w, https:\/\/gaq.be\/wp-content\/uploads\/2018\/09\/Eburons-77-400x299.jpg 400w\" sizes=\"auto, (max-width: 451px) 100vw, 451px\" \/><\/a>\n\n<strong>Cet immeuble <u>mastodonte<\/u> est un projet de la Commission Europ\u00e9enne. Il d\u00e9figurera le quartier dans une zone d\u2019int\u00e9r\u00eat historique, esth\u00e9tique et prot\u00e9g\u00e9e par l\u2019UNESCO (autour de l\u2019H\u00f4tel van Eetvelde de Victor Horta).\u00a0<\/strong>\n\nCet immeuble porte atteinte aux int\u00e9rieurs d\u2019\u00eelot, \u00e0 la <strong>hauteur<\/strong> <strong>des toitures<\/strong>, aux mat\u00e9riaux de rev\u00eatement des fa\u00e7ades. Les \u00e9quipements ne rel\u00e8vent pas des activit\u00e9s autoris\u00e9es de la zone.\n\nL\u2019enqu\u00eate publique s\u2019est ouverte le 25\/08 en fin de p\u00e9riode de vacances, ce qui laisse tr\u00e8s peu de temps aux citoyens de se mobiliser. Il reste donc seulement <strong>quelques jours <\/strong>pour exprimer notre opposition au projet.\n\n<strong><u>Donnez quelques secondes de votre temps. &#8211; Nous avons besoin de vous.<\/u><\/strong>\n\n<u>Copiez-collez<\/u> le texte dans le cadre ci-dessous et <strong><u>\u00e9crivez un mail avant ce vendredi soir 07 septembre 2018 \u00e0 : <\/u><\/strong><a href=\"mailto:CommissionConcertation.Urbanisme@brucity.be\"><em>CommissionConcertation.Urbanisme@brucity.be<\/em><\/a>\n\n<em><strong>Pr\u00e9nom\u00a0:<\/strong><\/em>\n\n<em><strong>Nom\u00a0:\u00a0<\/strong><\/em>\n\n<em><strong>Adresse:<\/strong><\/em>\n\n<em><strong>\u00a0<\/strong><strong>Code postal\u00a0:<\/strong><\/em>\n\n<em><strong>\u00a0<\/strong><strong>Ville\u00a0:<\/strong><\/em>\n\n<em><strong>\u00a0<\/strong><strong>Email\u00a0:\u00a0<\/strong><\/em>\n\n<em><strong>\u00a0<\/strong>Je m\u2019oppose, dans le cadre de l\u2019enqu\u00eate publique PU-P566\/2018, au projet de construction d\u2019un immeuble situ\u00e9 Rue des Eburons 77-79 \u00e0 1000 Bruxelles.<\/em>\n\n<em>Je demande sp\u00e9cifiquement \u00e0 la Commission de concertation de pr\u00e9server la zone d\u2019int\u00e9r\u00eat culturel, historique et esth\u00e9tique dans lequel le bien est situ\u00e9.<\/em>\t","protected":false},"excerpt":{"rendered":"<p>Article sur le site de la RTBF: https:\/\/www.rtbf.be\/info\/regions\/detail_bruxelles-le-chantier-europeen-qui-menace-l-hotel-van-eetvelde-de-victor-horta?id=10017426 &#8212;&#8212;&#8212;&#8212;&#8212;&#8212;&#8212;&#8212;&#8212;&#8212;&#8212;&#8212;&#8212;&#8212;&#8212;&#8211; En bas l&#8217;appel d&#8217;un de nos membres concernant la demande de permis d\u00e9taill\u00e9 ici (Members only). Urgent: il faut r\u00e9agir avant [&hellip;]<\/p>\n","protected":false},"author":1,"featured_media":0,"comment_status":"open","ping_status":"closed","sticky":false,"template":"","format":"standard","meta":{"_EventAllDay":false,"_EventTimezone":"","_EventStartDate":"","_EventEndDate":"","_EventStartDateUTC":"","_EventEndDateUTC":"","_EventShowMap":false,"_EventShowMapLink":false,"_EventURL":"","_EventCost":"","_EventCostDescription":"","_EventCurrencySymbol":"","_EventCurrencyCode":"","_EventCurrencyPosition":"","_EventDateTimeSeparator":"","_EventTimeRangeSeparator":"","_EventOrganizerID":[],"_EventVenueID":[],"_OrganizerEmail":"","_OrganizerPhone":"","_OrganizerWebsite":"","_VenueAddress":"","_VenueCity":"","_VenueCountry":"","_VenueProvince":"","_VenueState":"","_VenueZip":"","_VenuePhone":"","_VenueURL":"","_VenueStateProvince":"","_VenueLat":"","_VenueLng":"","_VenueShowMap":false,"_VenueShowMapLink":false,"footnotes":""},"categories":[145,144],"tags":[],"class_list":["post-571","post","type-post","status-publish","format-standard","hentry","category-divers","category-urbanisme"],"_links":{"self":[{"href":"https:\/\/gaq.be\/nl\/wp-json\/wp\/v2\/posts\/571","targetHints":{"allow":["GET"]}}],"collection":[{"href":"https:\/\/gaq.be\/nl\/wp-json\/wp\/v2\/posts"}],"about":[{"href":"https:\/\/gaq.be\/nl\/wp-json\/wp\/v2\/types\/post"}],"author":[{"embeddable":true,"href":"https:\/\/gaq.be\/nl\/wp-json\/wp\/v2\/users\/1"}],"replies":[{"embeddable":true,"href":"https:\/\/gaq.be\/nl\/wp-json\/wp\/v2\/comments?post=571"}],"version-history":[{"count":5,"href":"https:\/\/gaq.be\/nl\/wp-json\/wp\/v2\/posts\/571\/revisions"}],"predecessor-version":[{"id":720,"href":"https:\/\/gaq.be\/nl\/wp-json\/wp\/v2\/posts\/571\/revisions\/720"}],"wp:attachment":[{"href":"https:\/\/gaq.be\/nl\/wp-json\/wp\/v2\/media?parent=571"}],"wp:term":[{"taxonomy":"category","embeddable":true,"href":"https:\/\/gaq.be\/nl\/wp-json\/wp\/v2\/categories?post=571"},{"taxonomy":"post_tag","embeddable":true,"href":"https:\/\/gaq.be\/nl\/wp-json\/wp\/v2\/tags?post=571"}],"curies":[{"name":"wp","href":"https:\/\/api.w.org\/{rel}","templated":true}]}}