{"id":705,"date":"2018-09-12T13:36:15","date_gmt":"2018-09-12T11:36:15","guid":{"rendered":"http:\/\/gaq.be\/?p=705"},"modified":"2018-09-12T13:36:15","modified_gmt":"2018-09-12T11:36:15","slug":"avenue-palmerston-6-14-en-enquete-du-14-au-28-septembre-2018-p-e","status":"publish","type":"post","link":"https:\/\/gaq.be\/nl\/avenue-palmerston-6-14-en-enquete-du-14-au-28-septembre-2018-p-e\/","title":{"rendered":"avenue Palmerston 6-14, en enqu\u00eate du 14 au 28 septembre 2018 (P.E.)"},"content":{"rendered":"\n<div class=\"wp-block-group has-global-padding is-layout-constrained wp-block-group-is-layout-constrained\" style=\"padding-bottom:var(--wp--preset--spacing--40)\"><div class=\"wp-block-gaq-post-header\">\n    \n        <div class=\"post-header__content\">\n        <p class=\"post-header__date\"><span>Gepubliceerd op<\/span> : 12 september 2018        <\/p>\n                        <p class=\"post-header__categories\">\n                                        <span class=\"post__category post__category-icon sector__divers-blue\">\n                            Divers                        <\/span>\n                                            <span class=\"post__category post__category-icon sector__urban-blue\">\n                            Urbanisme                        <\/span>\n                                    <\/p>\n                <\/div>\n<\/div><\/div>\n\n<table dir=\"LTR\" border=\"1\" width=\"904\" cellspacing=\"0\" cellpadding=\"9\">\r\n<tbody>\r\n<tr>\r\n<td colspan=\"2\" valign=\"TOP\" width=\"33%\" height=\"18\"><b><span style=\"font-size: small\">permis d&#8217;environnement de classe 2 <\/span><\/b><\/td>\r\n<td colspan=\"3\" valign=\"TOP\" width=\"33%\" height=\"18\"><b><\/b><span style=\"font-size: small\"><b>PE &#8211; P857\/2018 <\/b><\/span><\/td>\r\n<td colspan=\"2\" valign=\"TOP\" width=\"33%\" height=\"18\"><span style=\"font-size: small\"><b>milieuvergunning klasse 2 <\/b><\/span><\/td>\r\n<\/tr>\r\n<tr>\r\n<td colspan=\"4\" valign=\"TOP\" width=\"50%\" height=\"26\"><i><\/i><span style=\"font-family: Arial,Arial;font-size: small\"><i>Le projet suivant est mis \u00e0 l\u2019enqu\u00eate publique. Cet avis ne pr\u00e9juge en rien de la d\u00e9cision de la Ville sur ledit dossier. <\/i><\/span><\/td>\r\n<td colspan=\"3\" valign=\"TOP\" width=\"50%\" height=\"26\"><i><\/i><span style=\"font-family: Arial,Arial;font-size: small\"><i>Het volgende project wordt aan openbaar onderzoek onderworpen. Deze kennisgeving houdt geen oordeel in van de Stad aangaande dit dossier. <\/i><\/span><\/td>\r\n<\/tr>\r\n<tr>\r\n<td colspan=\"4\" valign=\"TOP\" width=\"50%\" height=\"17\"><span style=\"font-family: Arial,Arial;font-size: small\">Adresse du bien <\/span><b><span style=\"font-size: small\">: Avenue Palmerston 6 &#8211; 14, 1000 Bruxelles <\/span><\/b><\/td>\r\n<td colspan=\"3\" valign=\"TOP\" width=\"50%\" height=\"17\"><span style=\"font-family: Arial,Arial;font-size: small\">Adres van het goed : <\/span><b><span style=\"font-size: small\">Palmerstonlaan 6 &#8211; 14, 1000 Brussel <\/span><\/b><\/td>\r\n<\/tr>\r\n<tr>\r\n<td colspan=\"4\" valign=\"TOP\" width=\"50%\" height=\"17\"><span style=\"font-family: Arial,Arial;font-size: small\">Identit\u00e9 du demandeur : COMMISSION DE L UNION EUROPEENNE Soc.Etr. <\/span><\/td>\r\n<td colspan=\"3\" valign=\"TOP\" width=\"50%\" height=\"17\"><span style=\"font-family: Arial,Arial;font-size: small\">Identiteit van de aanvrager : COMMISSION DE L UNION EUROPEENNE Vreem.Ven. <\/span><\/td>\r\n<\/tr>\r\n<tr>\r\n<td colspan=\"4\" valign=\"TOP\" width=\"50%\" height=\"17\"><span style=\"font-family: Arial,Arial;font-size: small\">Objet de la demande (nature de l\u2019activit\u00e9 principale) : l\u2019exploitation des installations suivantes : <\/span><\/td>\r\n<td colspan=\"3\" valign=\"TOP\" width=\"50%\" height=\"17\"><span style=\"font-family: Arial,Arial;font-size: small\">Onderwerp van de aanvraag (aard van de hoofdactiviteit) : de uitbating van de volgende inrichtingen : <\/span><\/td>\r\n<\/tr>\r\n<tr>\r\n<td valign=\"TOP\" width=\"25%\" height=\"7\"><b><\/b><span style=\"font-size: small\"><b>40 A <\/b><\/span><\/td>\r\n<td colspan=\"2\" valign=\"TOP\" width=\"25%\" height=\"7\"><b><\/b><span style=\"font-size: small\"><b>deux chaudi\u00e8res au gaz (400 kW) <\/b><\/span><\/td>\r\n<td colspan=\"3\" valign=\"TOP\" width=\"25%\" height=\"7\"><b><\/b><span style=\"font-size: small\"><b>40 A <\/b><\/span><\/td>\r\n<td valign=\"TOP\" width=\"25%\" height=\"7\"><b><\/b><span style=\"font-size: small\"><b>twee gasketels (400 kW) <\/b><\/span><\/td>\r\n<\/tr>\r\n<tr>\r\n<td valign=\"TOP\" width=\"25%\" height=\"17\"><b><\/b><span style=\"font-size: small\"><b>104 A <\/b><\/span><\/td>\r\n<td colspan=\"2\" valign=\"TOP\" width=\"25%\" height=\"17\"><b><\/b><span style=\"font-size: small\"><b>un moteur \u00e0 combustion interne (50 kW) <\/b><\/span><\/td>\r\n<td colspan=\"3\" valign=\"TOP\" width=\"25%\" height=\"17\"><b><\/b><span style=\"font-size: small\"><b>104 A <\/b><\/span><\/td>\r\n<td valign=\"TOP\" width=\"25%\" height=\"17\"><b><\/b><span style=\"font-size: small\"><b>een motor met inwendige verbranding (50 kW) <\/b><\/span><\/td>\r\n<\/tr>\r\n<tr>\r\n<td valign=\"TOP\" width=\"25%\" height=\"7\"><b><\/b><span style=\"font-size: small\"><b>132 B <\/b><\/span><\/td>\r\n<td colspan=\"2\" valign=\"TOP\" width=\"25%\" height=\"7\"><b><\/b><span style=\"font-size: small\"><b>un groupe de froid (150 kW) <\/b><\/span><\/td>\r\n<td colspan=\"3\" valign=\"TOP\" width=\"25%\" height=\"7\"><b><\/b><span style=\"font-size: small\"><b>132 B <\/b><\/span><\/td>\r\n<td valign=\"TOP\" width=\"25%\" height=\"7\"><b><\/b><span style=\"font-size: small\"><b>een koelgroep (150 kW) <\/b><\/span><\/td>\r\n<\/tr>\r\n<tr>\r\n<td valign=\"TOP\" width=\"25%\" height=\"7\"><b><\/b><span style=\"font-size: small\"><b>148 A <\/b><\/span><\/td>\r\n<td colspan=\"2\" valign=\"TOP\" width=\"25%\" height=\"7\"><b><\/b><span style=\"font-size: small\"><b>un transformateur statique (400 kVA) <\/b><\/span><\/td>\r\n<td colspan=\"3\" valign=\"TOP\" width=\"25%\" height=\"7\"><b><\/b><span style=\"font-size: small\"><b>148 A <\/b><\/span><\/td>\r\n<td valign=\"TOP\" width=\"25%\" height=\"7\"><b><\/b><span style=\"font-size: small\"><b>een statische transformator (400 kVA) <\/b><\/span><\/td>\r\n<\/tr>\r\n<tr>\r\n<td valign=\"TOP\" width=\"25%\" height=\"7\"><b><\/b><span style=\"font-size: small\"><b>153 A <\/b><\/span><\/td>\r\n<td colspan=\"2\" valign=\"TOP\" width=\"25%\" height=\"7\"><b><\/b><span style=\"font-size: small\"><b>un ventilateur (30000 m\u00b3\/h) <\/b><\/span><\/td>\r\n<td colspan=\"3\" valign=\"TOP\" width=\"25%\" height=\"7\"><b><\/b><span style=\"font-size: small\"><b>153 A <\/b><\/span><\/td>\r\n<td valign=\"TOP\" width=\"25%\" height=\"7\"><b><\/b><span style=\"font-size: small\"><b>een ventilator (30000 m\u00b3\/h) <\/b><\/span><\/td>\r\n<\/tr>\r\n<\/tbody>\r\n<\/table>\r\n<table dir=\"LTR\" border=\"1\" width=\"915\" cellspacing=\"0\" cellpadding=\"9\">\r\n<tbody>\r\n<tr>\r\n<td valign=\"TOP\" width=\"50%\" height=\"46\"><span style=\"font-size: small\">Zone : <\/span>\r\n\r\n<i><\/i><span style=\"font-family: Arial,Arial;font-size: small\"><i>plan r\u00e9gional d\u2019affectation du sol (P.R.A.S.) adopt\u00e9 par A.G.R.B.C. du 03\/05\/2001 <\/i><\/span><span style=\"font-size: small\">: zone d&#8217;habitation \u00e0 pr\u00e9dominance r\u00e9sidentielle, en zone d&#8217;int\u00e9r\u00eat culturel, historique, esth\u00e9tique ou d&#8217;embellissement <\/span><\/td>\r\n<td valign=\"TOP\" width=\"50%\" height=\"46\">Gebied :\r\n\r\n<i><\/i><span style=\"font-family: Arial,Arial;font-size: small\"><i>gewestelijk bestemmingsplan (G.B.P) aangenomen bij B.B.H.R. van 03\/05\/2001<\/i><\/span><span style=\"font-size: small\">: woongebied met residentieel karakter, in een gebied van culturele, historische, esthetische waarde of voor stadsverfraaiing <\/span><\/td>\r\n<\/tr>\r\n<tr>\r\n<td valign=\"TOP\" width=\"50%\" height=\"27\">Motifs principaux de l&#8217;enqu\u00eate :\r\n\r\n<span style=\"font-size: small\">2 : article 16 de l\u2019ordonnance du 5 juin 1997 relative aux permis d\u2019environnement <\/span><\/td>\r\n<td valign=\"TOP\" width=\"50%\" height=\"27\">Hoofdmotieven van het onderzoek :\r\n\r\n<span style=\"font-size: small\">2 : artikel 16 van de ordonnantie van 5 juni 1997 betreffende de milieuvergunningen <\/span><\/td>\r\n<\/tr>\r\n<tr>\r\n<td valign=\"TOP\" width=\"50%\" height=\"65\"><span style=\"font-size: small\">L\u2019enqu\u00eate publique se d\u00e9roule <\/span><b><span style=\"font-family: Arial,Arial;font-size: small\">du 14\/09\/2018 au 28\/09\/2018 <\/span><\/b>\r\n\r\n<b> <\/b>&nbsp;<\/td>\r\n<td valign=\"TOP\" width=\"50%\" height=\"65\"><span style=\"font-size: small\">Het openbaar onderzoek vindt plaats <\/span><b><span style=\"font-family: Arial,Arial;font-size: small\">van 14\/09\/2018 tot 28\/09\/2018 <\/span><\/b>\r\n\r\n<b> <\/b>&nbsp;<\/td>\r\n<\/tr>\r\n<\/tbody>\r\n<\/table>","protected":false},"excerpt":{"rendered":"<p>permis d&#8217;environnement de classe 2 PE &#8211; P857\/2018 milieuvergunning klasse 2 Le projet suivant est mis \u00e0 l\u2019enqu\u00eate publique. Cet avis ne pr\u00e9juge en rien de la d\u00e9cision de la [&hellip;]<\/p>\n","protected":false},"author":55,"featured_media":0,"comment_status":"open","ping_status":"closed","sticky":false,"template":"","format":"standard","meta":{"_EventAllDay":false,"_EventTimezone":"","_EventStartDate":"","_EventEndDate":"","_EventStartDateUTC":"","_EventEndDateUTC":"","_EventShowMap":false,"_EventShowMapLink":false,"_EventURL":"","_EventCost":"","_EventCostDescription":"","_EventCurrencySymbol":"","_EventCurrencyCode":"","_EventCurrencyPosition":"","_EventDateTimeSeparator":"","_EventTimeRangeSeparator":"","_EventOrganizerID":[],"_EventVenueID":[],"_OrganizerEmail":"","_OrganizerPhone":"","_OrganizerWebsite":"","_VenueAddress":"","_VenueCity":"","_VenueCountry":"","_VenueProvince":"","_VenueState":"","_VenueZip":"","_VenuePhone":"","_VenueURL":"","_VenueStateProvince":"","_VenueLat":"","_VenueLng":"","_VenueShowMap":false,"_VenueShowMapLink":false,"footnotes":""},"categories":[145,144],"tags":[],"class_list":["post-705","post","type-post","status-publish","format-standard","hentry","category-divers","category-urbanisme"],"_links":{"self":[{"href":"https:\/\/gaq.be\/nl\/wp-json\/wp\/v2\/posts\/705","targetHints":{"allow":["GET"]}}],"collection":[{"href":"https:\/\/gaq.be\/nl\/wp-json\/wp\/v2\/posts"}],"about":[{"href":"https:\/\/gaq.be\/nl\/wp-json\/wp\/v2\/types\/post"}],"author":[{"embeddable":true,"href":"https:\/\/gaq.be\/nl\/wp-json\/wp\/v2\/users\/55"}],"replies":[{"embeddable":true,"href":"https:\/\/gaq.be\/nl\/wp-json\/wp\/v2\/comments?post=705"}],"version-history":[{"count":1,"href":"https:\/\/gaq.be\/nl\/wp-json\/wp\/v2\/posts\/705\/revisions"}],"predecessor-version":[{"id":706,"href":"https:\/\/gaq.be\/nl\/wp-json\/wp\/v2\/posts\/705\/revisions\/706"}],"wp:attachment":[{"href":"https:\/\/gaq.be\/nl\/wp-json\/wp\/v2\/media?parent=705"}],"wp:term":[{"taxonomy":"category","embeddable":true,"href":"https:\/\/gaq.be\/nl\/wp-json\/wp\/v2\/categories?post=705"},{"taxonomy":"post_tag","embeddable":true,"href":"https:\/\/gaq.be\/nl\/wp-json\/wp\/v2\/tags?post=705"}],"curies":[{"name":"wp","href":"https:\/\/api.w.org\/{rel}","templated":true}]}}